{"id":927,"date":"2023-02-18T00:37:06","date_gmt":"2023-02-18T00:37:06","guid":{"rendered":"https:\/\/riveravivanco.com\/?p=927"},"modified":"2023-03-04T07:37:52","modified_gmt":"2023-03-04T07:37:52","slug":"san-felipe-teotlalcingo","status":"publish","type":"post","link":"https:\/\/riveravivanco.com\/index.php\/2023\/02\/18\/san-felipe-teotlalcingo\/","title":{"rendered":"SAN FELIPE TEOTLALCINGO"},"content":{"rendered":"\n<p><strong>Poblaci\u00f3n:<\/strong><\/p>\n\n\n\n<p>Poco m\u00e1s de<strong> 11,000<\/strong> habitantes.<\/p>\n\n\n\n<p><strong>Etimolog\u00eda:<\/strong><\/p>\n\n\n\n<p>Teotlancingo, las radicales de este nombre n\u00e1huatl son; &#8220;teotlalli&#8221;, tierra de Dios o valle; &#8220;tzin o tzintli&#8221;; diminutivo; y &#8220;co&#8221;: en; todo esto significa: &#8220;en el vallecito o en el peque\u00f1o valle&#8221;<\/p>\n\n\n\n<p><strong>Datos Curiosos\/Historia:<\/strong><\/p>\n\n\n\n<p>Pr\u00f3ximo al principal centro poblacional huejotzinca (Huejotzingo) Fue habitado inicialmente por pobladores acolhuas y nahuas. Al poco tiempo se aliaron a los espa\u00f1oles, despu\u00e9s de ser conquistada&nbsp;<a href=\"https:\/\/es.wikipedia.org\/wiki\/Tlaxcala\">Tlaxcallan<\/a>. Con el paso del tiempo fue habilitado como parte de las encomiendas m\u00e1s grandes (<a href=\"https:\/\/es.wikipedia.org\/wiki\/Huejotzingo\">Huejotzingo<\/a>). Durante la&nbsp;<a href=\"https:\/\/es.wikipedia.org\/wiki\/Segunda_Intervenci%C3%B3n_Francesa_en_M%C3%A9xico\">ocupaci\u00f3n francesa<\/a>&nbsp;muchos pobladores de la regi\u00f3n se adhirieron a las tropas del General&nbsp;<a href=\"https:\/\/es.wikipedia.org\/wiki\/Ignacio_Zaragoza\">Ignacio Zaragoza<\/a>. Teotlalcingo fue escenario de combates semi-intensos entre Tropas&nbsp;<a href=\"https:\/\/es.wikipedia.org\/wiki\/Emiliano_Zapata\">Zapatistas<\/a>&nbsp;y las fuerzas Federales durante la&nbsp;<a href=\"https:\/\/es.wikipedia.org\/wiki\/Revoluci%C3%B3n_mexicana\">revoluci\u00f3n mexicana<\/a>, siendo estas dirigidas por el General Marcelino Carabeo.<\/p>\n\n\n\n<p>Hacia 1927 el Congreso Local del Estado, le otorg\u00f3 el grado de Municipio Libre.<\/p>\n\n\n\n<p>Tiene dos juntas auxiliares: San Mat\u00edas Atzala y San Juan Tlale.<\/p>\n\n\n\n<p><strong>Gastronom\u00eda:<\/strong><\/p>\n\n\n\n<p>Mole poblano, pipi\u00e1n y tamales. Conservas de frutasBebidas. &#8211; Sidra, atole de chocolate y champurrado.<\/p>\n","protected":false},"excerpt":{"rendered":"<p>Poblaci\u00f3n: Poco m\u00e1s de 11,000 habitantes. Etimolog\u00eda: Teotlancingo, las radicales de este nombre n\u00e1huatl son; &#8220;teotlalli&#8221;, tierra de Dios o valle; &#8220;tzin o tzintli&#8221;; diminutivo; y &#8220;co&#8221;: en; todo esto significa: &#8220;en el vallecito o en el peque\u00f1o valle&#8221; Datos Curiosos\/Historia: Pr\u00f3ximo al principal centro poblacional huejotzinca (Huejotzingo) Fue habitado inicialmente por pobladores acolhuas y [&hellip;]<\/p>\n","protected":false},"author":3,"featured_media":829,"comment_status":"open","ping_status":"open","sticky":false,"template":"","format":"standard","meta":{"footnotes":""},"categories":[6],"tags":[],"yoast_head":"<!-- This site is optimized with the Yoast SEO Premium plugin v20.1 (Yoast SEO v20.10) - https:\/\/yoast.com\/wordpress\/plugins\/seo\/ -->\n<title>SAN FELIPE TEOTLALCINGO | Mujer Transformadora<\/title>\n<meta name=\"robots\" content=\"index, follow, max-snippet:-1, max-image-preview:large, max-video-preview:-1\" \/>\n<link rel=\"canonical\" href=\"https:\/\/riveravivanco.com\/index.php\/2023\/02\/18\/san-felipe-teotlalcingo\/\" \/>\n<meta property=\"og:locale\" content=\"en_US\" \/>\n<meta property=\"og:type\" content=\"article\" \/>\n<meta property=\"og:title\" content=\"SAN FELIPE TEOTLALCINGO\" \/>\n<meta property=\"og:description\" content=\"Poblaci\u00f3n: Poco m\u00e1s de 11,000 habitantes. Etimolog\u00eda: Teotlancingo, las radicales de este nombre n\u00e1huatl son; &#8220;teotlalli&#8221;, tierra de Dios o valle; &#8220;tzin o tzintli&#8221;; diminutivo; y &#8220;co&#8221;: en; todo esto significa: &#8220;en el vallecito o en el peque\u00f1o valle&#8221; Datos Curiosos\/Historia: Pr\u00f3ximo al principal centro poblacional huejotzinca (Huejotzingo) Fue habitado inicialmente por pobladores acolhuas y [&hellip;]\" \/>\n<meta property=\"og:url\" content=\"https:\/\/riveravivanco.com\/index.php\/2023\/02\/18\/san-felipe-teotlalcingo\/\" \/>\n<meta property=\"og:site_name\" content=\"Mujer Transformadora\" \/>\n<meta property=\"article:publisher\" content=\"https:\/\/www.facebook.com\/ClauRiveraVivanco\" \/>\n<meta property=\"article:published_time\" content=\"2023-02-18T00:37:06+00:00\" \/>\n<meta property=\"article:modified_time\" content=\"2023-03-04T07:37:52+00:00\" \/>\n<meta property=\"og:image\" content=\"https:\/\/riveravivanco.com\/wp-content\/uploads\/2023\/02\/UB-1.png\" \/>\n\t<meta property=\"og:image:width\" content=\"33\" \/>\n\t<meta property=\"og:image:height\" content=\"37\" \/>\n\t<meta property=\"og:image:type\" content=\"image\/png\" \/>\n<meta name=\"author\" content=\"Franco\" \/>\n<meta name=\"twitter:card\" content=\"summary_large_image\" \/>\n<meta name=\"twitter:creator\" content=\"@RiveraVivanco_\" \/>\n<meta name=\"twitter:site\" content=\"@RiveraVivanco_\" \/>\n<meta name=\"twitter:label1\" content=\"Written by\" \/>\n\t<meta name=\"twitter:data1\" content=\"Franco\" \/>\n<script type=\"application\/ld+json\" class=\"yoast-schema-graph\">{\"@context\":\"https:\/\/schema.org\",\"@graph\":[{\"@type\":\"Article\",\"@id\":\"https:\/\/riveravivanco.com\/index.php\/2023\/02\/18\/san-felipe-teotlalcingo\/#article\",\"isPartOf\":{\"@id\":\"https:\/\/riveravivanco.com\/index.php\/2023\/02\/18\/san-felipe-teotlalcingo\/\"},\"author\":{\"name\":\"Franco\",\"@id\":\"https:\/\/riveravivanco.com\/#\/schema\/person\/76b54487a0c53b05a9cf9d7d97a57c1a\"},\"headline\":\"SAN FELIPE TEOTLALCINGO\",\"datePublished\":\"2023-02-18T00:37:06+00:00\",\"dateModified\":\"2023-03-04T07:37:52+00:00\",\"mainEntityOfPage\":{\"@id\":\"https:\/\/riveravivanco.com\/index.php\/2023\/02\/18\/san-felipe-teotlalcingo\/\"},\"wordCount\":192,\"commentCount\":0,\"publisher\":{\"@id\":\"https:\/\/riveravivanco.com\/#organization\"},\"articleSection\":[\"resumen cultural 5\"],\"inLanguage\":\"en-US\",\"potentialAction\":[{\"@type\":\"CommentAction\",\"name\":\"Comment\",\"target\":[\"https:\/\/riveravivanco.com\/index.php\/2023\/02\/18\/san-felipe-teotlalcingo\/#respond\"]}]},{\"@type\":\"WebPage\",\"@id\":\"https:\/\/riveravivanco.com\/index.php\/2023\/02\/18\/san-felipe-teotlalcingo\/\",\"url\":\"https:\/\/riveravivanco.com\/index.php\/2023\/02\/18\/san-felipe-teotlalcingo\/\",\"name\":\"SAN FELIPE TEOTLALCINGO | Mujer Transformadora\",\"isPartOf\":{\"@id\":\"https:\/\/riveravivanco.com\/#website\"},\"datePublished\":\"2023-02-18T00:37:06+00:00\",\"dateModified\":\"2023-03-04T07:37:52+00:00\",\"breadcrumb\":{\"@id\":\"https:\/\/riveravivanco.com\/index.php\/2023\/02\/18\/san-felipe-teotlalcingo\/#breadcrumb\"},\"inLanguage\":\"en-US\",\"potentialAction\":[{\"@type\":\"ReadAction\",\"target\":[\"https:\/\/riveravivanco.com\/index.php\/2023\/02\/18\/san-felipe-teotlalcingo\/\"]}]},{\"@type\":\"BreadcrumbList\",\"@id\":\"https:\/\/riveravivanco.com\/index.php\/2023\/02\/18\/san-felipe-teotlalcingo\/#breadcrumb\",\"itemListElement\":[{\"@type\":\"ListItem\",\"position\":1,\"name\":\"Home\",\"item\":\"https:\/\/riveravivanco.com\/\"},{\"@type\":\"ListItem\",\"position\":2,\"name\":\"SAN FELIPE TEOTLALCINGO\"}]},{\"@type\":\"WebSite\",\"@id\":\"https:\/\/riveravivanco.com\/#website\",\"url\":\"https:\/\/riveravivanco.com\/\",\"name\":\"Mujer Transformadora\",\"description\":\"#Mujer Transformadora es el espacio de las mujeres poblanas y de todos aquellos que compartimos sus causas, sin importar edad, sexo o condici\u00f3n social.\",\"publisher\":{\"@id\":\"https:\/\/riveravivanco.com\/#organization\"},\"alternateName\":\"Mujer Transformadora\",\"potentialAction\":[{\"@type\":\"SearchAction\",\"target\":{\"@type\":\"EntryPoint\",\"urlTemplate\":\"https:\/\/riveravivanco.com\/?s={search_term_string}\"},\"query-input\":\"required name=search_term_string\"}],\"inLanguage\":\"en-US\"},{\"@type\":\"Organization\",\"@id\":\"https:\/\/riveravivanco.com\/#organization\",\"name\":\"Mujer Transformadora\",\"alternateName\":\"Mujer Transformadora\",\"url\":\"https:\/\/riveravivanco.com\/\",\"logo\":{\"@type\":\"ImageObject\",\"inLanguage\":\"en-US\",\"@id\":\"https:\/\/riveravivanco.com\/#\/schema\/logo\/image\/\",\"url\":\"https:\/\/riveravivanco.com\/wp-content\/uploads\/2023\/02\/cropped-MT2.png\",\"contentUrl\":\"https:\/\/riveravivanco.com\/wp-content\/uploads\/2023\/02\/cropped-MT2.png\",\"width\":512,\"height\":512,\"caption\":\"Mujer Transformadora\"},\"image\":{\"@id\":\"https:\/\/riveravivanco.com\/#\/schema\/logo\/image\/\"},\"sameAs\":[\"https:\/\/www.facebook.com\/ClauRiveraVivanco\",\"https:\/\/twitter.com\/RiveraVivanco_\",\"https:\/\/www.instagram.com\/riveravivanco_\/\",\"https:\/\/www.tiktok.com\/@riveravivanco\",\"https:\/\/www.youtube.com\/@RiveraVivanco\"]},{\"@type\":\"Person\",\"@id\":\"https:\/\/riveravivanco.com\/#\/schema\/person\/76b54487a0c53b05a9cf9d7d97a57c1a\",\"name\":\"Franco\",\"image\":{\"@type\":\"ImageObject\",\"inLanguage\":\"en-US\",\"@id\":\"https:\/\/riveravivanco.com\/#\/schema\/person\/image\/\",\"url\":\"https:\/\/secure.gravatar.com\/avatar\/e6ee2d030a6430d97a80d605a81453f3?s=96&d=mm&r=g\",\"contentUrl\":\"https:\/\/secure.gravatar.com\/avatar\/e6ee2d030a6430d97a80d605a81453f3?s=96&d=mm&r=g\",\"caption\":\"Franco\"},\"url\":\"https:\/\/riveravivanco.com\/index.php\/author\/frank\/\"}]}<\/script>\n<!-- \/ Yoast SEO Premium plugin. -->","yoast_head_json":{"title":"SAN FELIPE TEOTLALCINGO | Mujer Transformadora","robots":{"index":"index","follow":"follow","max-snippet":"max-snippet:-1","max-image-preview":"max-image-preview:large","max-video-preview":"max-video-preview:-1"},"canonical":"https:\/\/riveravivanco.com\/index.php\/2023\/02\/18\/san-felipe-teotlalcingo\/","og_locale":"en_US","og_type":"article","og_title":"SAN FELIPE TEOTLALCINGO","og_description":"Poblaci\u00f3n: Poco m\u00e1s de 11,000 habitantes. Etimolog\u00eda: Teotlancingo, las radicales de este nombre n\u00e1huatl son; &#8220;teotlalli&#8221;, tierra de Dios o valle; &#8220;tzin o tzintli&#8221;; diminutivo; y &#8220;co&#8221;: en; todo esto significa: &#8220;en el vallecito o en el peque\u00f1o valle&#8221; Datos Curiosos\/Historia: Pr\u00f3ximo al principal centro poblacional huejotzinca (Huejotzingo) Fue habitado inicialmente por pobladores acolhuas y [&hellip;]","og_url":"https:\/\/riveravivanco.com\/index.php\/2023\/02\/18\/san-felipe-teotlalcingo\/","og_site_name":"Mujer Transformadora","article_publisher":"https:\/\/www.facebook.com\/ClauRiveraVivanco","article_published_time":"2023-02-18T00:37:06+00:00","article_modified_time":"2023-03-04T07:37:52+00:00","og_image":[{"width":33,"height":37,"url":"https:\/\/riveravivanco.com\/wp-content\/uploads\/2023\/02\/UB-1.png","type":"image\/png"}],"author":"Franco","twitter_card":"summary_large_image","twitter_creator":"@RiveraVivanco_","twitter_site":"@RiveraVivanco_","twitter_misc":{"Written by":"Franco"},"schema":{"@context":"https:\/\/schema.org","@graph":[{"@type":"Article","@id":"https:\/\/riveravivanco.com\/index.php\/2023\/02\/18\/san-felipe-teotlalcingo\/#article","isPartOf":{"@id":"https:\/\/riveravivanco.com\/index.php\/2023\/02\/18\/san-felipe-teotlalcingo\/"},"author":{"name":"Franco","@id":"https:\/\/riveravivanco.com\/#\/schema\/person\/76b54487a0c53b05a9cf9d7d97a57c1a"},"headline":"SAN FELIPE TEOTLALCINGO","datePublished":"2023-02-18T00:37:06+00:00","dateModified":"2023-03-04T07:37:52+00:00","mainEntityOfPage":{"@id":"https:\/\/riveravivanco.com\/index.php\/2023\/02\/18\/san-felipe-teotlalcingo\/"},"wordCount":192,"commentCount":0,"publisher":{"@id":"https:\/\/riveravivanco.com\/#organization"},"articleSection":["resumen cultural 5"],"inLanguage":"en-US","potentialAction":[{"@type":"CommentAction","name":"Comment","target":["https:\/\/riveravivanco.com\/index.php\/2023\/02\/18\/san-felipe-teotlalcingo\/#respond"]}]},{"@type":"WebPage","@id":"https:\/\/riveravivanco.com\/index.php\/2023\/02\/18\/san-felipe-teotlalcingo\/","url":"https:\/\/riveravivanco.com\/index.php\/2023\/02\/18\/san-felipe-teotlalcingo\/","name":"SAN FELIPE TEOTLALCINGO | Mujer Transformadora","isPartOf":{"@id":"https:\/\/riveravivanco.com\/#website"},"datePublished":"2023-02-18T00:37:06+00:00","dateModified":"2023-03-04T07:37:52+00:00","breadcrumb":{"@id":"https:\/\/riveravivanco.com\/index.php\/2023\/02\/18\/san-felipe-teotlalcingo\/#breadcrumb"},"inLanguage":"en-US","potentialAction":[{"@type":"ReadAction","target":["https:\/\/riveravivanco.com\/index.php\/2023\/02\/18\/san-felipe-teotlalcingo\/"]}]},{"@type":"BreadcrumbList","@id":"https:\/\/riveravivanco.com\/index.php\/2023\/02\/18\/san-felipe-teotlalcingo\/#breadcrumb","itemListElement":[{"@type":"ListItem","position":1,"name":"Home","item":"https:\/\/riveravivanco.com\/"},{"@type":"ListItem","position":2,"name":"SAN FELIPE TEOTLALCINGO"}]},{"@type":"WebSite","@id":"https:\/\/riveravivanco.com\/#website","url":"https:\/\/riveravivanco.com\/","name":"Mujer Transformadora","description":"#Mujer Transformadora es el espacio de las mujeres poblanas y de todos aquellos que compartimos sus causas, sin importar edad, sexo o condici\u00f3n social.","publisher":{"@id":"https:\/\/riveravivanco.com\/#organization"},"alternateName":"Mujer Transformadora","potentialAction":[{"@type":"SearchAction","target":{"@type":"EntryPoint","urlTemplate":"https:\/\/riveravivanco.com\/?s={search_term_string}"},"query-input":"required name=search_term_string"}],"inLanguage":"en-US"},{"@type":"Organization","@id":"https:\/\/riveravivanco.com\/#organization","name":"Mujer Transformadora","alternateName":"Mujer Transformadora","url":"https:\/\/riveravivanco.com\/","logo":{"@type":"ImageObject","inLanguage":"en-US","@id":"https:\/\/riveravivanco.com\/#\/schema\/logo\/image\/","url":"https:\/\/riveravivanco.com\/wp-content\/uploads\/2023\/02\/cropped-MT2.png","contentUrl":"https:\/\/riveravivanco.com\/wp-content\/uploads\/2023\/02\/cropped-MT2.png","width":512,"height":512,"caption":"Mujer Transformadora"},"image":{"@id":"https:\/\/riveravivanco.com\/#\/schema\/logo\/image\/"},"sameAs":["https:\/\/www.facebook.com\/ClauRiveraVivanco","https:\/\/twitter.com\/RiveraVivanco_","https:\/\/www.instagram.com\/riveravivanco_\/","https:\/\/www.tiktok.com\/@riveravivanco","https:\/\/www.youtube.com\/@RiveraVivanco"]},{"@type":"Person","@id":"https:\/\/riveravivanco.com\/#\/schema\/person\/76b54487a0c53b05a9cf9d7d97a57c1a","name":"Franco","image":{"@type":"ImageObject","inLanguage":"en-US","@id":"https:\/\/riveravivanco.com\/#\/schema\/person\/image\/","url":"https:\/\/secure.gravatar.com\/avatar\/e6ee2d030a6430d97a80d605a81453f3?s=96&d=mm&r=g","contentUrl":"https:\/\/secure.gravatar.com\/avatar\/e6ee2d030a6430d97a80d605a81453f3?s=96&d=mm&r=g","caption":"Franco"},"url":"https:\/\/riveravivanco.com\/index.php\/author\/frank\/"}]}},"_links":{"self":[{"href":"https:\/\/riveravivanco.com\/index.php\/wp-json\/wp\/v2\/posts\/927"}],"collection":[{"href":"https:\/\/riveravivanco.com\/index.php\/wp-json\/wp\/v2\/posts"}],"about":[{"href":"https:\/\/riveravivanco.com\/index.php\/wp-json\/wp\/v2\/types\/post"}],"author":[{"embeddable":true,"href":"https:\/\/riveravivanco.com\/index.php\/wp-json\/wp\/v2\/users\/3"}],"replies":[{"embeddable":true,"href":"https:\/\/riveravivanco.com\/index.php\/wp-json\/wp\/v2\/comments?post=927"}],"version-history":[{"count":2,"href":"https:\/\/riveravivanco.com\/index.php\/wp-json\/wp\/v2\/posts\/927\/revisions"}],"predecessor-version":[{"id":1089,"href":"https:\/\/riveravivanco.com\/index.php\/wp-json\/wp\/v2\/posts\/927\/revisions\/1089"}],"wp:featuredmedia":[{"embeddable":true,"href":"https:\/\/riveravivanco.com\/index.php\/wp-json\/wp\/v2\/media\/829"}],"wp:attachment":[{"href":"https:\/\/riveravivanco.com\/index.php\/wp-json\/wp\/v2\/media?parent=927"}],"wp:term":[{"taxonomy":"category","embeddable":true,"href":"https:\/\/riveravivanco.com\/index.php\/wp-json\/wp\/v2\/categories?post=927"},{"taxonomy":"post_tag","embeddable":true,"href":"https:\/\/riveravivanco.com\/index.php\/wp-json\/wp\/v2\/tags?post=927"}],"curies":[{"name":"wp","href":"https:\/\/api.w.org\/{rel}","templated":true}]}}