{"id":925,"date":"2023-02-18T00:32:45","date_gmt":"2023-02-18T00:32:45","guid":{"rendered":"https:\/\/riveravivanco.com\/?p=925"},"modified":"2023-03-04T07:37:25","modified_gmt":"2023-03-04T07:37:25","slug":"san-salvador-el-verde","status":"publish","type":"post","link":"https:\/\/riveravivanco.com\/index.php\/2023\/02\/18\/san-salvador-el-verde\/","title":{"rendered":"SAN SALVADOR EL VERDE"},"content":{"rendered":"\n<p><strong>Poblaci\u00f3n:<\/strong><\/p>\n\n\n\n<p>Cerca de <strong>35,000<\/strong> habitantes.<\/p>\n\n\n\n<p><strong>Etimolog\u00eda:<\/strong><\/p>\n\n\n\n<p>Deriva de Xopalican, nombre n\u00e1huatl; proviene de &#8220;xopalli&#8221;, verde; &#8220;can&#8221;, lugar; juntos significan \u201cLugar verde\u201d o \u201cLugar de color verde.<\/p>\n\n\n\n<p><strong>Datos Curiosos\/Historia:<\/strong><\/p>\n\n\n\n<p>Familias procedentes de Huejotzingo se establecieron en Xopalican, en el a\u00f1o de 1520. &nbsp;Los espa\u00f1oles pactaron con Huejotzingo, circunstancia que oblig\u00f3 a los ind\u00edgenas a participar en la derrota de la gran Tenochtitl\u00e1n.<\/p>\n\n\n\n<p>Se establece el sistema de encomienda, se funda haciendas ganaderas y agr\u00edcolas, en su mayor\u00eda espa\u00f1olas. Una epidemia azota a los abor\u00edgenes, muchos deciden emigrar cuando pasa este mal, retornan al lugar y se ubican en los terrenos de Do\u00f1a Mar\u00eda Costitl\u00e1n X\u00f3chitl, qui\u00e9n don\u00f3 su propiedad desde ese momento la poblaci\u00f3n se denomin\u00f3 San Salvador el Verde.<\/p>\n\n\n\n<p>La Ex-hacienda de San Antonio Chautla, tiene una arquitectura tipo colonial de estilo civil; que significa en n\u00e1huatl, lugar donde emana agua, data del siglo XVIII su estilo es ingl\u00e9s y tiene una dimensi\u00f3n de 62 hect\u00e1reas, se ubica en la carretera federal San Mart\u00edn Texmelucan.<\/p>\n\n\n\n<p><strong>Gastronom\u00eda:<\/strong><\/p>\n\n\n\n<p>Mole poblano, pipi\u00e1n y tamales. Alegr\u00eda, palanqueta, conserva de frutas: durazno, tejocote, pera, calabazate, chilacayote y camote.Bebidas: Atole, chocolate, champurrado y vino de frutas.<\/p>\n","protected":false},"excerpt":{"rendered":"<p>Poblaci\u00f3n: Cerca de 35,000 habitantes. Etimolog\u00eda: Deriva de Xopalican, nombre n\u00e1huatl; proviene de &#8220;xopalli&#8221;, verde; &#8220;can&#8221;, lugar; juntos significan \u201cLugar verde\u201d o \u201cLugar de color verde. Datos Curiosos\/Historia: Familias procedentes de Huejotzingo se establecieron en Xopalican, en el a\u00f1o de 1520. &nbsp;Los espa\u00f1oles pactaron con Huejotzingo, circunstancia que oblig\u00f3 a los ind\u00edgenas a participar en [&hellip;]<\/p>\n","protected":false},"author":3,"featured_media":829,"comment_status":"open","ping_status":"open","sticky":false,"template":"","format":"standard","meta":{"footnotes":""},"categories":[6],"tags":[],"yoast_head":"<!-- This site is optimized with the Yoast SEO Premium plugin v20.1 (Yoast SEO v20.10) - https:\/\/yoast.com\/wordpress\/plugins\/seo\/ -->\n<title>SAN SALVADOR EL VERDE | Mujer Transformadora<\/title>\n<meta name=\"robots\" content=\"index, follow, max-snippet:-1, max-image-preview:large, max-video-preview:-1\" \/>\n<link rel=\"canonical\" href=\"https:\/\/riveravivanco.com\/index.php\/2023\/02\/18\/san-salvador-el-verde\/\" \/>\n<meta property=\"og:locale\" content=\"en_US\" \/>\n<meta property=\"og:type\" content=\"article\" \/>\n<meta property=\"og:title\" content=\"SAN SALVADOR EL VERDE\" \/>\n<meta property=\"og:description\" content=\"Poblaci\u00f3n: Cerca de 35,000 habitantes. Etimolog\u00eda: Deriva de Xopalican, nombre n\u00e1huatl; proviene de &#8220;xopalli&#8221;, verde; &#8220;can&#8221;, lugar; juntos significan \u201cLugar verde\u201d o \u201cLugar de color verde. Datos Curiosos\/Historia: Familias procedentes de Huejotzingo se establecieron en Xopalican, en el a\u00f1o de 1520. &nbsp;Los espa\u00f1oles pactaron con Huejotzingo, circunstancia que oblig\u00f3 a los ind\u00edgenas a participar en [&hellip;]\" \/>\n<meta property=\"og:url\" content=\"https:\/\/riveravivanco.com\/index.php\/2023\/02\/18\/san-salvador-el-verde\/\" \/>\n<meta property=\"og:site_name\" content=\"Mujer Transformadora\" \/>\n<meta property=\"article:publisher\" content=\"https:\/\/www.facebook.com\/ClauRiveraVivanco\" \/>\n<meta property=\"article:published_time\" content=\"2023-02-18T00:32:45+00:00\" \/>\n<meta property=\"article:modified_time\" content=\"2023-03-04T07:37:25+00:00\" \/>\n<meta property=\"og:image\" content=\"https:\/\/riveravivanco.com\/wp-content\/uploads\/2023\/02\/UB-1.png\" \/>\n\t<meta property=\"og:image:width\" content=\"33\" \/>\n\t<meta property=\"og:image:height\" content=\"37\" \/>\n\t<meta property=\"og:image:type\" content=\"image\/png\" \/>\n<meta name=\"author\" content=\"Franco\" \/>\n<meta name=\"twitter:card\" content=\"summary_large_image\" \/>\n<meta name=\"twitter:creator\" content=\"@RiveraVivanco_\" \/>\n<meta name=\"twitter:site\" content=\"@RiveraVivanco_\" \/>\n<meta name=\"twitter:label1\" content=\"Written by\" \/>\n\t<meta name=\"twitter:data1\" content=\"Franco\" \/>\n\t<meta name=\"twitter:label2\" content=\"Est. reading time\" \/>\n\t<meta name=\"twitter:data2\" content=\"1 minute\" \/>\n<script type=\"application\/ld+json\" class=\"yoast-schema-graph\">{\"@context\":\"https:\/\/schema.org\",\"@graph\":[{\"@type\":\"Article\",\"@id\":\"https:\/\/riveravivanco.com\/index.php\/2023\/02\/18\/san-salvador-el-verde\/#article\",\"isPartOf\":{\"@id\":\"https:\/\/riveravivanco.com\/index.php\/2023\/02\/18\/san-salvador-el-verde\/\"},\"author\":{\"name\":\"Franco\",\"@id\":\"https:\/\/riveravivanco.com\/#\/schema\/person\/76b54487a0c53b05a9cf9d7d97a57c1a\"},\"headline\":\"SAN SALVADOR EL VERDE\",\"datePublished\":\"2023-02-18T00:32:45+00:00\",\"dateModified\":\"2023-03-04T07:37:25+00:00\",\"mainEntityOfPage\":{\"@id\":\"https:\/\/riveravivanco.com\/index.php\/2023\/02\/18\/san-salvador-el-verde\/\"},\"wordCount\":219,\"commentCount\":0,\"publisher\":{\"@id\":\"https:\/\/riveravivanco.com\/#organization\"},\"articleSection\":[\"resumen cultural 5\"],\"inLanguage\":\"en-US\",\"potentialAction\":[{\"@type\":\"CommentAction\",\"name\":\"Comment\",\"target\":[\"https:\/\/riveravivanco.com\/index.php\/2023\/02\/18\/san-salvador-el-verde\/#respond\"]}]},{\"@type\":\"WebPage\",\"@id\":\"https:\/\/riveravivanco.com\/index.php\/2023\/02\/18\/san-salvador-el-verde\/\",\"url\":\"https:\/\/riveravivanco.com\/index.php\/2023\/02\/18\/san-salvador-el-verde\/\",\"name\":\"SAN SALVADOR EL VERDE | Mujer Transformadora\",\"isPartOf\":{\"@id\":\"https:\/\/riveravivanco.com\/#website\"},\"datePublished\":\"2023-02-18T00:32:45+00:00\",\"dateModified\":\"2023-03-04T07:37:25+00:00\",\"breadcrumb\":{\"@id\":\"https:\/\/riveravivanco.com\/index.php\/2023\/02\/18\/san-salvador-el-verde\/#breadcrumb\"},\"inLanguage\":\"en-US\",\"potentialAction\":[{\"@type\":\"ReadAction\",\"target\":[\"https:\/\/riveravivanco.com\/index.php\/2023\/02\/18\/san-salvador-el-verde\/\"]}]},{\"@type\":\"BreadcrumbList\",\"@id\":\"https:\/\/riveravivanco.com\/index.php\/2023\/02\/18\/san-salvador-el-verde\/#breadcrumb\",\"itemListElement\":[{\"@type\":\"ListItem\",\"position\":1,\"name\":\"Home\",\"item\":\"https:\/\/riveravivanco.com\/\"},{\"@type\":\"ListItem\",\"position\":2,\"name\":\"SAN SALVADOR EL VERDE\"}]},{\"@type\":\"WebSite\",\"@id\":\"https:\/\/riveravivanco.com\/#website\",\"url\":\"https:\/\/riveravivanco.com\/\",\"name\":\"Mujer Transformadora\",\"description\":\"#Mujer Transformadora es el espacio de las mujeres poblanas y de todos aquellos que compartimos sus causas, sin importar edad, sexo o condici\u00f3n social.\",\"publisher\":{\"@id\":\"https:\/\/riveravivanco.com\/#organization\"},\"alternateName\":\"Mujer Transformadora\",\"potentialAction\":[{\"@type\":\"SearchAction\",\"target\":{\"@type\":\"EntryPoint\",\"urlTemplate\":\"https:\/\/riveravivanco.com\/?s={search_term_string}\"},\"query-input\":\"required name=search_term_string\"}],\"inLanguage\":\"en-US\"},{\"@type\":\"Organization\",\"@id\":\"https:\/\/riveravivanco.com\/#organization\",\"name\":\"Mujer Transformadora\",\"alternateName\":\"Mujer Transformadora\",\"url\":\"https:\/\/riveravivanco.com\/\",\"logo\":{\"@type\":\"ImageObject\",\"inLanguage\":\"en-US\",\"@id\":\"https:\/\/riveravivanco.com\/#\/schema\/logo\/image\/\",\"url\":\"https:\/\/riveravivanco.com\/wp-content\/uploads\/2023\/02\/cropped-MT2.png\",\"contentUrl\":\"https:\/\/riveravivanco.com\/wp-content\/uploads\/2023\/02\/cropped-MT2.png\",\"width\":512,\"height\":512,\"caption\":\"Mujer Transformadora\"},\"image\":{\"@id\":\"https:\/\/riveravivanco.com\/#\/schema\/logo\/image\/\"},\"sameAs\":[\"https:\/\/www.facebook.com\/ClauRiveraVivanco\",\"https:\/\/twitter.com\/RiveraVivanco_\",\"https:\/\/www.instagram.com\/riveravivanco_\/\",\"https:\/\/www.tiktok.com\/@riveravivanco\",\"https:\/\/www.youtube.com\/@RiveraVivanco\"]},{\"@type\":\"Person\",\"@id\":\"https:\/\/riveravivanco.com\/#\/schema\/person\/76b54487a0c53b05a9cf9d7d97a57c1a\",\"name\":\"Franco\",\"image\":{\"@type\":\"ImageObject\",\"inLanguage\":\"en-US\",\"@id\":\"https:\/\/riveravivanco.com\/#\/schema\/person\/image\/\",\"url\":\"https:\/\/secure.gravatar.com\/avatar\/e6ee2d030a6430d97a80d605a81453f3?s=96&d=mm&r=g\",\"contentUrl\":\"https:\/\/secure.gravatar.com\/avatar\/e6ee2d030a6430d97a80d605a81453f3?s=96&d=mm&r=g\",\"caption\":\"Franco\"},\"url\":\"https:\/\/riveravivanco.com\/index.php\/author\/frank\/\"}]}<\/script>\n<!-- \/ Yoast SEO Premium plugin. -->","yoast_head_json":{"title":"SAN SALVADOR EL VERDE | Mujer Transformadora","robots":{"index":"index","follow":"follow","max-snippet":"max-snippet:-1","max-image-preview":"max-image-preview:large","max-video-preview":"max-video-preview:-1"},"canonical":"https:\/\/riveravivanco.com\/index.php\/2023\/02\/18\/san-salvador-el-verde\/","og_locale":"en_US","og_type":"article","og_title":"SAN SALVADOR EL VERDE","og_description":"Poblaci\u00f3n: Cerca de 35,000 habitantes. Etimolog\u00eda: Deriva de Xopalican, nombre n\u00e1huatl; proviene de &#8220;xopalli&#8221;, verde; &#8220;can&#8221;, lugar; juntos significan \u201cLugar verde\u201d o \u201cLugar de color verde. Datos Curiosos\/Historia: Familias procedentes de Huejotzingo se establecieron en Xopalican, en el a\u00f1o de 1520. &nbsp;Los espa\u00f1oles pactaron con Huejotzingo, circunstancia que oblig\u00f3 a los ind\u00edgenas a participar en [&hellip;]","og_url":"https:\/\/riveravivanco.com\/index.php\/2023\/02\/18\/san-salvador-el-verde\/","og_site_name":"Mujer Transformadora","article_publisher":"https:\/\/www.facebook.com\/ClauRiveraVivanco","article_published_time":"2023-02-18T00:32:45+00:00","article_modified_time":"2023-03-04T07:37:25+00:00","og_image":[{"width":33,"height":37,"url":"https:\/\/riveravivanco.com\/wp-content\/uploads\/2023\/02\/UB-1.png","type":"image\/png"}],"author":"Franco","twitter_card":"summary_large_image","twitter_creator":"@RiveraVivanco_","twitter_site":"@RiveraVivanco_","twitter_misc":{"Written by":"Franco","Est. reading time":"1 minute"},"schema":{"@context":"https:\/\/schema.org","@graph":[{"@type":"Article","@id":"https:\/\/riveravivanco.com\/index.php\/2023\/02\/18\/san-salvador-el-verde\/#article","isPartOf":{"@id":"https:\/\/riveravivanco.com\/index.php\/2023\/02\/18\/san-salvador-el-verde\/"},"author":{"name":"Franco","@id":"https:\/\/riveravivanco.com\/#\/schema\/person\/76b54487a0c53b05a9cf9d7d97a57c1a"},"headline":"SAN SALVADOR EL VERDE","datePublished":"2023-02-18T00:32:45+00:00","dateModified":"2023-03-04T07:37:25+00:00","mainEntityOfPage":{"@id":"https:\/\/riveravivanco.com\/index.php\/2023\/02\/18\/san-salvador-el-verde\/"},"wordCount":219,"commentCount":0,"publisher":{"@id":"https:\/\/riveravivanco.com\/#organization"},"articleSection":["resumen cultural 5"],"inLanguage":"en-US","potentialAction":[{"@type":"CommentAction","name":"Comment","target":["https:\/\/riveravivanco.com\/index.php\/2023\/02\/18\/san-salvador-el-verde\/#respond"]}]},{"@type":"WebPage","@id":"https:\/\/riveravivanco.com\/index.php\/2023\/02\/18\/san-salvador-el-verde\/","url":"https:\/\/riveravivanco.com\/index.php\/2023\/02\/18\/san-salvador-el-verde\/","name":"SAN SALVADOR EL VERDE | Mujer Transformadora","isPartOf":{"@id":"https:\/\/riveravivanco.com\/#website"},"datePublished":"2023-02-18T00:32:45+00:00","dateModified":"2023-03-04T07:37:25+00:00","breadcrumb":{"@id":"https:\/\/riveravivanco.com\/index.php\/2023\/02\/18\/san-salvador-el-verde\/#breadcrumb"},"inLanguage":"en-US","potentialAction":[{"@type":"ReadAction","target":["https:\/\/riveravivanco.com\/index.php\/2023\/02\/18\/san-salvador-el-verde\/"]}]},{"@type":"BreadcrumbList","@id":"https:\/\/riveravivanco.com\/index.php\/2023\/02\/18\/san-salvador-el-verde\/#breadcrumb","itemListElement":[{"@type":"ListItem","position":1,"name":"Home","item":"https:\/\/riveravivanco.com\/"},{"@type":"ListItem","position":2,"name":"SAN SALVADOR EL VERDE"}]},{"@type":"WebSite","@id":"https:\/\/riveravivanco.com\/#website","url":"https:\/\/riveravivanco.com\/","name":"Mujer Transformadora","description":"#Mujer Transformadora es el espacio de las mujeres poblanas y de todos aquellos que compartimos sus causas, sin importar edad, sexo o condici\u00f3n social.","publisher":{"@id":"https:\/\/riveravivanco.com\/#organization"},"alternateName":"Mujer Transformadora","potentialAction":[{"@type":"SearchAction","target":{"@type":"EntryPoint","urlTemplate":"https:\/\/riveravivanco.com\/?s={search_term_string}"},"query-input":"required name=search_term_string"}],"inLanguage":"en-US"},{"@type":"Organization","@id":"https:\/\/riveravivanco.com\/#organization","name":"Mujer Transformadora","alternateName":"Mujer Transformadora","url":"https:\/\/riveravivanco.com\/","logo":{"@type":"ImageObject","inLanguage":"en-US","@id":"https:\/\/riveravivanco.com\/#\/schema\/logo\/image\/","url":"https:\/\/riveravivanco.com\/wp-content\/uploads\/2023\/02\/cropped-MT2.png","contentUrl":"https:\/\/riveravivanco.com\/wp-content\/uploads\/2023\/02\/cropped-MT2.png","width":512,"height":512,"caption":"Mujer Transformadora"},"image":{"@id":"https:\/\/riveravivanco.com\/#\/schema\/logo\/image\/"},"sameAs":["https:\/\/www.facebook.com\/ClauRiveraVivanco","https:\/\/twitter.com\/RiveraVivanco_","https:\/\/www.instagram.com\/riveravivanco_\/","https:\/\/www.tiktok.com\/@riveravivanco","https:\/\/www.youtube.com\/@RiveraVivanco"]},{"@type":"Person","@id":"https:\/\/riveravivanco.com\/#\/schema\/person\/76b54487a0c53b05a9cf9d7d97a57c1a","name":"Franco","image":{"@type":"ImageObject","inLanguage":"en-US","@id":"https:\/\/riveravivanco.com\/#\/schema\/person\/image\/","url":"https:\/\/secure.gravatar.com\/avatar\/e6ee2d030a6430d97a80d605a81453f3?s=96&d=mm&r=g","contentUrl":"https:\/\/secure.gravatar.com\/avatar\/e6ee2d030a6430d97a80d605a81453f3?s=96&d=mm&r=g","caption":"Franco"},"url":"https:\/\/riveravivanco.com\/index.php\/author\/frank\/"}]}},"_links":{"self":[{"href":"https:\/\/riveravivanco.com\/index.php\/wp-json\/wp\/v2\/posts\/925"}],"collection":[{"href":"https:\/\/riveravivanco.com\/index.php\/wp-json\/wp\/v2\/posts"}],"about":[{"href":"https:\/\/riveravivanco.com\/index.php\/wp-json\/wp\/v2\/types\/post"}],"author":[{"embeddable":true,"href":"https:\/\/riveravivanco.com\/index.php\/wp-json\/wp\/v2\/users\/3"}],"replies":[{"embeddable":true,"href":"https:\/\/riveravivanco.com\/index.php\/wp-json\/wp\/v2\/comments?post=925"}],"version-history":[{"count":2,"href":"https:\/\/riveravivanco.com\/index.php\/wp-json\/wp\/v2\/posts\/925\/revisions"}],"predecessor-version":[{"id":1088,"href":"https:\/\/riveravivanco.com\/index.php\/wp-json\/wp\/v2\/posts\/925\/revisions\/1088"}],"wp:featuredmedia":[{"embeddable":true,"href":"https:\/\/riveravivanco.com\/index.php\/wp-json\/wp\/v2\/media\/829"}],"wp:attachment":[{"href":"https:\/\/riveravivanco.com\/index.php\/wp-json\/wp\/v2\/media?parent=925"}],"wp:term":[{"taxonomy":"category","embeddable":true,"href":"https:\/\/riveravivanco.com\/index.php\/wp-json\/wp\/v2\/categories?post=925"},{"taxonomy":"post_tag","embeddable":true,"href":"https:\/\/riveravivanco.com\/index.php\/wp-json\/wp\/v2\/tags?post=925"}],"curies":[{"name":"wp","href":"https:\/\/api.w.org\/{rel}","templated":true}]}}