{"id":921,"date":"2023-02-18T00:26:16","date_gmt":"2023-02-18T00:26:16","guid":{"rendered":"https:\/\/riveravivanco.com\/?p=921"},"modified":"2023-03-04T07:36:16","modified_gmt":"2023-03-04T07:36:16","slug":"san-matias-tlalancaleca","status":"publish","type":"post","link":"https:\/\/riveravivanco.com\/index.php\/2023\/02\/18\/san-matias-tlalancaleca\/","title":{"rendered":"SAN MATIAS TLALANCALECA"},"content":{"rendered":"\n<p><strong>Poblaci\u00f3n:<\/strong><\/p>\n\n\n\n<p>Cerca de <strong>21,000<\/strong> habitantes.<\/p>\n\n\n\n<p><strong>Etimolog\u00eda:<\/strong><\/p>\n\n\n\n<p>El origen del nombre es de los vocablos n\u00e1huatl, &#8220;tlalli&#8221;, tierra; &#8220;tlani&#8221;, abajo y &#8220;calli&#8221;, casa; que significa \u201ccasa bajo la tierra o casas subterr\u00e1neas\u201d<\/p>\n\n\n\n<p><strong>Datos Curiosos\/Historia:<\/strong><\/p>\n\n\n\n<p>Entre las monta\u00f1as nevadas y la actual poblaci\u00f3n, se asentaron grupos humanos hace 5,000 a\u00f1os; vivieron en cuevas y posteriormente construyeron casas y pir\u00e1mides que para preservarlas de la destrucci\u00f3n ibera en 1520 las sepultaron.<\/p>\n\n\n\n<p>El C\u00f3dice Tlalancaleca, escrito con caracter\u00edsticas del idioma n\u00e1huatl en 1550, traducido el 17 de septiembre de 1865 por Don Jos\u00e9 Mar\u00eda Cordero, dice que la Iglesia de San Mat\u00edas qued\u00f3 fundada en 1550.<\/p>\n\n\n\n<p>&nbsp;En 1910 Don Sabino D\u00edaz levanta al pueblo en armas, fue asesinado en el cerro del Iztacc\u00edhuatl en 1917<\/p>\n\n\n\n<p><strong>Gastronom\u00eda:<\/strong><\/p>\n\n\n\n<p>Mole poblano, pip\u00edan y tamales. Conservas de capul\u00edn, de manzana, de pera, de tejocote y de ciruela.<\/p>\n\n\n\n<p>Bebidas: Sidra, atole chocolate y pulque.<\/p>\n","protected":false},"excerpt":{"rendered":"<p>Poblaci\u00f3n: Cerca de 21,000 habitantes. Etimolog\u00eda: El origen del nombre es de los vocablos n\u00e1huatl, &#8220;tlalli&#8221;, tierra; &#8220;tlani&#8221;, abajo y &#8220;calli&#8221;, casa; que significa \u201ccasa bajo la tierra o casas subterr\u00e1neas\u201d Datos Curiosos\/Historia: Entre las monta\u00f1as nevadas y la actual poblaci\u00f3n, se asentaron grupos humanos hace 5,000 a\u00f1os; vivieron en cuevas y posteriormente construyeron casas [&hellip;]<\/p>\n","protected":false},"author":3,"featured_media":829,"comment_status":"open","ping_status":"open","sticky":false,"template":"","format":"standard","meta":{"footnotes":""},"categories":[6],"tags":[],"yoast_head":"<!-- This site is optimized with the Yoast SEO Premium plugin v20.1 (Yoast SEO v20.10) - https:\/\/yoast.com\/wordpress\/plugins\/seo\/ -->\n<title>SAN MATIAS TLALANCALECA | Mujer Transformadora<\/title>\n<meta name=\"robots\" content=\"index, follow, max-snippet:-1, max-image-preview:large, max-video-preview:-1\" \/>\n<link rel=\"canonical\" href=\"https:\/\/riveravivanco.com\/index.php\/2023\/02\/18\/san-matias-tlalancaleca\/\" \/>\n<meta property=\"og:locale\" content=\"en_US\" \/>\n<meta property=\"og:type\" content=\"article\" \/>\n<meta property=\"og:title\" content=\"SAN MATIAS TLALANCALECA\" \/>\n<meta property=\"og:description\" content=\"Poblaci\u00f3n: Cerca de 21,000 habitantes. Etimolog\u00eda: El origen del nombre es de los vocablos n\u00e1huatl, &#8220;tlalli&#8221;, tierra; &#8220;tlani&#8221;, abajo y &#8220;calli&#8221;, casa; que significa \u201ccasa bajo la tierra o casas subterr\u00e1neas\u201d Datos Curiosos\/Historia: Entre las monta\u00f1as nevadas y la actual poblaci\u00f3n, se asentaron grupos humanos hace 5,000 a\u00f1os; vivieron en cuevas y posteriormente construyeron casas [&hellip;]\" \/>\n<meta property=\"og:url\" content=\"https:\/\/riveravivanco.com\/index.php\/2023\/02\/18\/san-matias-tlalancaleca\/\" \/>\n<meta property=\"og:site_name\" content=\"Mujer Transformadora\" \/>\n<meta property=\"article:publisher\" content=\"https:\/\/www.facebook.com\/ClauRiveraVivanco\" \/>\n<meta property=\"article:published_time\" content=\"2023-02-18T00:26:16+00:00\" \/>\n<meta property=\"article:modified_time\" content=\"2023-03-04T07:36:16+00:00\" \/>\n<meta property=\"og:image\" content=\"https:\/\/riveravivanco.com\/wp-content\/uploads\/2023\/02\/UB-1.png\" \/>\n\t<meta property=\"og:image:width\" content=\"33\" \/>\n\t<meta property=\"og:image:height\" content=\"37\" \/>\n\t<meta property=\"og:image:type\" content=\"image\/png\" \/>\n<meta name=\"author\" content=\"Franco\" \/>\n<meta name=\"twitter:card\" content=\"summary_large_image\" \/>\n<meta name=\"twitter:creator\" content=\"@RiveraVivanco_\" \/>\n<meta name=\"twitter:site\" content=\"@RiveraVivanco_\" \/>\n<meta name=\"twitter:label1\" content=\"Written by\" \/>\n\t<meta name=\"twitter:data1\" content=\"Franco\" \/>\n\t<meta name=\"twitter:label2\" content=\"Est. reading time\" \/>\n\t<meta name=\"twitter:data2\" content=\"1 minute\" \/>\n<script type=\"application\/ld+json\" class=\"yoast-schema-graph\">{\"@context\":\"https:\/\/schema.org\",\"@graph\":[{\"@type\":\"Article\",\"@id\":\"https:\/\/riveravivanco.com\/index.php\/2023\/02\/18\/san-matias-tlalancaleca\/#article\",\"isPartOf\":{\"@id\":\"https:\/\/riveravivanco.com\/index.php\/2023\/02\/18\/san-matias-tlalancaleca\/\"},\"author\":{\"name\":\"Franco\",\"@id\":\"https:\/\/riveravivanco.com\/#\/schema\/person\/76b54487a0c53b05a9cf9d7d97a57c1a\"},\"headline\":\"SAN MATIAS TLALANCALECA\",\"datePublished\":\"2023-02-18T00:26:16+00:00\",\"dateModified\":\"2023-03-04T07:36:16+00:00\",\"mainEntityOfPage\":{\"@id\":\"https:\/\/riveravivanco.com\/index.php\/2023\/02\/18\/san-matias-tlalancaleca\/\"},\"wordCount\":160,\"commentCount\":0,\"publisher\":{\"@id\":\"https:\/\/riveravivanco.com\/#organization\"},\"articleSection\":[\"resumen cultural 5\"],\"inLanguage\":\"en-US\",\"potentialAction\":[{\"@type\":\"CommentAction\",\"name\":\"Comment\",\"target\":[\"https:\/\/riveravivanco.com\/index.php\/2023\/02\/18\/san-matias-tlalancaleca\/#respond\"]}]},{\"@type\":\"WebPage\",\"@id\":\"https:\/\/riveravivanco.com\/index.php\/2023\/02\/18\/san-matias-tlalancaleca\/\",\"url\":\"https:\/\/riveravivanco.com\/index.php\/2023\/02\/18\/san-matias-tlalancaleca\/\",\"name\":\"SAN MATIAS TLALANCALECA | Mujer Transformadora\",\"isPartOf\":{\"@id\":\"https:\/\/riveravivanco.com\/#website\"},\"datePublished\":\"2023-02-18T00:26:16+00:00\",\"dateModified\":\"2023-03-04T07:36:16+00:00\",\"breadcrumb\":{\"@id\":\"https:\/\/riveravivanco.com\/index.php\/2023\/02\/18\/san-matias-tlalancaleca\/#breadcrumb\"},\"inLanguage\":\"en-US\",\"potentialAction\":[{\"@type\":\"ReadAction\",\"target\":[\"https:\/\/riveravivanco.com\/index.php\/2023\/02\/18\/san-matias-tlalancaleca\/\"]}]},{\"@type\":\"BreadcrumbList\",\"@id\":\"https:\/\/riveravivanco.com\/index.php\/2023\/02\/18\/san-matias-tlalancaleca\/#breadcrumb\",\"itemListElement\":[{\"@type\":\"ListItem\",\"position\":1,\"name\":\"Home\",\"item\":\"https:\/\/riveravivanco.com\/\"},{\"@type\":\"ListItem\",\"position\":2,\"name\":\"SAN MATIAS TLALANCALECA\"}]},{\"@type\":\"WebSite\",\"@id\":\"https:\/\/riveravivanco.com\/#website\",\"url\":\"https:\/\/riveravivanco.com\/\",\"name\":\"Mujer Transformadora\",\"description\":\"#Mujer Transformadora es el espacio de las mujeres poblanas y de todos aquellos que compartimos sus causas, sin importar edad, sexo o condici\u00f3n social.\",\"publisher\":{\"@id\":\"https:\/\/riveravivanco.com\/#organization\"},\"alternateName\":\"Mujer Transformadora\",\"potentialAction\":[{\"@type\":\"SearchAction\",\"target\":{\"@type\":\"EntryPoint\",\"urlTemplate\":\"https:\/\/riveravivanco.com\/?s={search_term_string}\"},\"query-input\":\"required name=search_term_string\"}],\"inLanguage\":\"en-US\"},{\"@type\":\"Organization\",\"@id\":\"https:\/\/riveravivanco.com\/#organization\",\"name\":\"Mujer Transformadora\",\"alternateName\":\"Mujer Transformadora\",\"url\":\"https:\/\/riveravivanco.com\/\",\"logo\":{\"@type\":\"ImageObject\",\"inLanguage\":\"en-US\",\"@id\":\"https:\/\/riveravivanco.com\/#\/schema\/logo\/image\/\",\"url\":\"https:\/\/riveravivanco.com\/wp-content\/uploads\/2023\/02\/cropped-MT2.png\",\"contentUrl\":\"https:\/\/riveravivanco.com\/wp-content\/uploads\/2023\/02\/cropped-MT2.png\",\"width\":512,\"height\":512,\"caption\":\"Mujer Transformadora\"},\"image\":{\"@id\":\"https:\/\/riveravivanco.com\/#\/schema\/logo\/image\/\"},\"sameAs\":[\"https:\/\/www.facebook.com\/ClauRiveraVivanco\",\"https:\/\/twitter.com\/RiveraVivanco_\",\"https:\/\/www.instagram.com\/riveravivanco_\/\",\"https:\/\/www.tiktok.com\/@riveravivanco\",\"https:\/\/www.youtube.com\/@RiveraVivanco\"]},{\"@type\":\"Person\",\"@id\":\"https:\/\/riveravivanco.com\/#\/schema\/person\/76b54487a0c53b05a9cf9d7d97a57c1a\",\"name\":\"Franco\",\"image\":{\"@type\":\"ImageObject\",\"inLanguage\":\"en-US\",\"@id\":\"https:\/\/riveravivanco.com\/#\/schema\/person\/image\/\",\"url\":\"https:\/\/secure.gravatar.com\/avatar\/e6ee2d030a6430d97a80d605a81453f3?s=96&d=mm&r=g\",\"contentUrl\":\"https:\/\/secure.gravatar.com\/avatar\/e6ee2d030a6430d97a80d605a81453f3?s=96&d=mm&r=g\",\"caption\":\"Franco\"},\"url\":\"https:\/\/riveravivanco.com\/index.php\/author\/frank\/\"}]}<\/script>\n<!-- \/ Yoast SEO Premium plugin. -->","yoast_head_json":{"title":"SAN MATIAS TLALANCALECA | Mujer Transformadora","robots":{"index":"index","follow":"follow","max-snippet":"max-snippet:-1","max-image-preview":"max-image-preview:large","max-video-preview":"max-video-preview:-1"},"canonical":"https:\/\/riveravivanco.com\/index.php\/2023\/02\/18\/san-matias-tlalancaleca\/","og_locale":"en_US","og_type":"article","og_title":"SAN MATIAS TLALANCALECA","og_description":"Poblaci\u00f3n: Cerca de 21,000 habitantes. Etimolog\u00eda: El origen del nombre es de los vocablos n\u00e1huatl, &#8220;tlalli&#8221;, tierra; &#8220;tlani&#8221;, abajo y &#8220;calli&#8221;, casa; que significa \u201ccasa bajo la tierra o casas subterr\u00e1neas\u201d Datos Curiosos\/Historia: Entre las monta\u00f1as nevadas y la actual poblaci\u00f3n, se asentaron grupos humanos hace 5,000 a\u00f1os; vivieron en cuevas y posteriormente construyeron casas [&hellip;]","og_url":"https:\/\/riveravivanco.com\/index.php\/2023\/02\/18\/san-matias-tlalancaleca\/","og_site_name":"Mujer Transformadora","article_publisher":"https:\/\/www.facebook.com\/ClauRiveraVivanco","article_published_time":"2023-02-18T00:26:16+00:00","article_modified_time":"2023-03-04T07:36:16+00:00","og_image":[{"width":33,"height":37,"url":"https:\/\/riveravivanco.com\/wp-content\/uploads\/2023\/02\/UB-1.png","type":"image\/png"}],"author":"Franco","twitter_card":"summary_large_image","twitter_creator":"@RiveraVivanco_","twitter_site":"@RiveraVivanco_","twitter_misc":{"Written by":"Franco","Est. reading time":"1 minute"},"schema":{"@context":"https:\/\/schema.org","@graph":[{"@type":"Article","@id":"https:\/\/riveravivanco.com\/index.php\/2023\/02\/18\/san-matias-tlalancaleca\/#article","isPartOf":{"@id":"https:\/\/riveravivanco.com\/index.php\/2023\/02\/18\/san-matias-tlalancaleca\/"},"author":{"name":"Franco","@id":"https:\/\/riveravivanco.com\/#\/schema\/person\/76b54487a0c53b05a9cf9d7d97a57c1a"},"headline":"SAN MATIAS TLALANCALECA","datePublished":"2023-02-18T00:26:16+00:00","dateModified":"2023-03-04T07:36:16+00:00","mainEntityOfPage":{"@id":"https:\/\/riveravivanco.com\/index.php\/2023\/02\/18\/san-matias-tlalancaleca\/"},"wordCount":160,"commentCount":0,"publisher":{"@id":"https:\/\/riveravivanco.com\/#organization"},"articleSection":["resumen cultural 5"],"inLanguage":"en-US","potentialAction":[{"@type":"CommentAction","name":"Comment","target":["https:\/\/riveravivanco.com\/index.php\/2023\/02\/18\/san-matias-tlalancaleca\/#respond"]}]},{"@type":"WebPage","@id":"https:\/\/riveravivanco.com\/index.php\/2023\/02\/18\/san-matias-tlalancaleca\/","url":"https:\/\/riveravivanco.com\/index.php\/2023\/02\/18\/san-matias-tlalancaleca\/","name":"SAN MATIAS TLALANCALECA | Mujer Transformadora","isPartOf":{"@id":"https:\/\/riveravivanco.com\/#website"},"datePublished":"2023-02-18T00:26:16+00:00","dateModified":"2023-03-04T07:36:16+00:00","breadcrumb":{"@id":"https:\/\/riveravivanco.com\/index.php\/2023\/02\/18\/san-matias-tlalancaleca\/#breadcrumb"},"inLanguage":"en-US","potentialAction":[{"@type":"ReadAction","target":["https:\/\/riveravivanco.com\/index.php\/2023\/02\/18\/san-matias-tlalancaleca\/"]}]},{"@type":"BreadcrumbList","@id":"https:\/\/riveravivanco.com\/index.php\/2023\/02\/18\/san-matias-tlalancaleca\/#breadcrumb","itemListElement":[{"@type":"ListItem","position":1,"name":"Home","item":"https:\/\/riveravivanco.com\/"},{"@type":"ListItem","position":2,"name":"SAN MATIAS TLALANCALECA"}]},{"@type":"WebSite","@id":"https:\/\/riveravivanco.com\/#website","url":"https:\/\/riveravivanco.com\/","name":"Mujer Transformadora","description":"#Mujer Transformadora es el espacio de las mujeres poblanas y de todos aquellos que compartimos sus causas, sin importar edad, sexo o condici\u00f3n social.","publisher":{"@id":"https:\/\/riveravivanco.com\/#organization"},"alternateName":"Mujer Transformadora","potentialAction":[{"@type":"SearchAction","target":{"@type":"EntryPoint","urlTemplate":"https:\/\/riveravivanco.com\/?s={search_term_string}"},"query-input":"required name=search_term_string"}],"inLanguage":"en-US"},{"@type":"Organization","@id":"https:\/\/riveravivanco.com\/#organization","name":"Mujer Transformadora","alternateName":"Mujer Transformadora","url":"https:\/\/riveravivanco.com\/","logo":{"@type":"ImageObject","inLanguage":"en-US","@id":"https:\/\/riveravivanco.com\/#\/schema\/logo\/image\/","url":"https:\/\/riveravivanco.com\/wp-content\/uploads\/2023\/02\/cropped-MT2.png","contentUrl":"https:\/\/riveravivanco.com\/wp-content\/uploads\/2023\/02\/cropped-MT2.png","width":512,"height":512,"caption":"Mujer Transformadora"},"image":{"@id":"https:\/\/riveravivanco.com\/#\/schema\/logo\/image\/"},"sameAs":["https:\/\/www.facebook.com\/ClauRiveraVivanco","https:\/\/twitter.com\/RiveraVivanco_","https:\/\/www.instagram.com\/riveravivanco_\/","https:\/\/www.tiktok.com\/@riveravivanco","https:\/\/www.youtube.com\/@RiveraVivanco"]},{"@type":"Person","@id":"https:\/\/riveravivanco.com\/#\/schema\/person\/76b54487a0c53b05a9cf9d7d97a57c1a","name":"Franco","image":{"@type":"ImageObject","inLanguage":"en-US","@id":"https:\/\/riveravivanco.com\/#\/schema\/person\/image\/","url":"https:\/\/secure.gravatar.com\/avatar\/e6ee2d030a6430d97a80d605a81453f3?s=96&d=mm&r=g","contentUrl":"https:\/\/secure.gravatar.com\/avatar\/e6ee2d030a6430d97a80d605a81453f3?s=96&d=mm&r=g","caption":"Franco"},"url":"https:\/\/riveravivanco.com\/index.php\/author\/frank\/"}]}},"_links":{"self":[{"href":"https:\/\/riveravivanco.com\/index.php\/wp-json\/wp\/v2\/posts\/921"}],"collection":[{"href":"https:\/\/riveravivanco.com\/index.php\/wp-json\/wp\/v2\/posts"}],"about":[{"href":"https:\/\/riveravivanco.com\/index.php\/wp-json\/wp\/v2\/types\/post"}],"author":[{"embeddable":true,"href":"https:\/\/riveravivanco.com\/index.php\/wp-json\/wp\/v2\/users\/3"}],"replies":[{"embeddable":true,"href":"https:\/\/riveravivanco.com\/index.php\/wp-json\/wp\/v2\/comments?post=921"}],"version-history":[{"count":2,"href":"https:\/\/riveravivanco.com\/index.php\/wp-json\/wp\/v2\/posts\/921\/revisions"}],"predecessor-version":[{"id":1085,"href":"https:\/\/riveravivanco.com\/index.php\/wp-json\/wp\/v2\/posts\/921\/revisions\/1085"}],"wp:featuredmedia":[{"embeddable":true,"href":"https:\/\/riveravivanco.com\/index.php\/wp-json\/wp\/v2\/media\/829"}],"wp:attachment":[{"href":"https:\/\/riveravivanco.com\/index.php\/wp-json\/wp\/v2\/media?parent=921"}],"wp:term":[{"taxonomy":"category","embeddable":true,"href":"https:\/\/riveravivanco.com\/index.php\/wp-json\/wp\/v2\/categories?post=921"},{"taxonomy":"post_tag","embeddable":true,"href":"https:\/\/riveravivanco.com\/index.php\/wp-json\/wp\/v2\/tags?post=921"}],"curies":[{"name":"wp","href":"https:\/\/api.w.org\/{rel}","templated":true}]}}