{"id":902,"date":"2023-02-18T00:16:44","date_gmt":"2023-02-18T00:16:44","guid":{"rendered":"https:\/\/riveravivanco.com\/?p=902"},"modified":"2023-03-03T17:20:38","modified_gmt":"2023-03-03T17:20:38","slug":"san-andres-calpan","status":"publish","type":"post","link":"https:\/\/riveravivanco.com\/index.php\/2023\/02\/18\/san-andres-calpan\/","title":{"rendered":"SAN ANDR\u00c9S CALPAN"},"content":{"rendered":"\n<p><strong>Poblaci\u00f3n:<\/strong><\/p>\n\n\n\n<p>Poco m\u00e1s de <strong>15,000<\/strong> habitantes.<\/p>\n\n\n\n<p><strong>Etimolog\u00eda:<\/strong><\/p>\n\n\n\n<p>Se origina de las voces nahuas &#8220;calli&#8221;, casa; la abundancia, y \u201cpan\u201d, en o sobre; que significa \u201cen donde hay muchas casas\u201d.<\/p>\n\n\n\n<p><strong>Datos Hist\u00f3ricos:<\/strong><\/p>\n\n\n\n<p>Debido a la cercan\u00eda de Calpan con Centros Urbanos importantes durante la Conquista Espa\u00f1ola, la poblaci\u00f3n ind\u00edgena disminuy\u00f3 dr\u00e1sticamente como consecuencia de las epidemias que asolaron al territorio a principio del siglo XVI.<\/p>\n\n\n\n<p>Hern\u00e1n Cort\u00e9s se interes\u00f3 por las tierras de la regi\u00f3n por su colindancia con la ruta que un\u00eda a la ciudad de Tenochtitl\u00e1n \u2013la capital azteca\u2013 con el puerto de Veracruz, puente hacia el viejo continente.<\/p>\n\n\n\n<p><strong>En 1530<\/strong>, el territorio pas\u00f3 a manos del conquistador Diego de Ordaz, <strong>fund\u00e1ndose el poblado de San Andr\u00e9s Calpan<\/strong> con un total de 5.000 indios. Enseguida se fund\u00f3 una casa franciscana, hecho que origin\u00f3 la construcci\u00f3n del Convento Franciscano de Calpan iniciado en 1548.<\/p>\n\n\n\n<p>En <strong>diciembre de 1994, la UNESCO declara al Convento Franciscano<\/strong> y las cuatro Capillas de San Andr\u00e9s Calpan, <strong>Patrimonio Cultural de la Humanidad.<\/strong><\/p>\n\n\n\n<p><strong>Gastronom\u00eda:<\/strong> El platillo m\u00e1s importante de Puebla, el chile en nogada es t\u00edpico en Calpan, porque algunos de sus peculiares ingredientes, como la manzana panochera, la pera de leche, el durazno criollo, la granada y la nuez de Castilla, son productos de esta regi\u00f3n. Tambi\u00e9n puedes probar el nopal-mole hecho con chile guajillo, tamales o barbacoa con tortillas hechas a mano. Su bebida t\u00edpica es el atole de ma\u00edz tostado conocido como champurrado de arroz y de avena.<\/p>\n","protected":false},"excerpt":{"rendered":"<p>Poblaci\u00f3n: Poco m\u00e1s de 15,000 habitantes. Etimolog\u00eda: Se origina de las voces nahuas &#8220;calli&#8221;, casa; la abundancia, y \u201cpan\u201d, en o sobre; que significa \u201cen donde hay muchas casas\u201d. Datos Hist\u00f3ricos: Debido a la cercan\u00eda de Calpan con Centros Urbanos importantes durante la Conquista Espa\u00f1ola, la poblaci\u00f3n ind\u00edgena disminuy\u00f3 dr\u00e1sticamente como consecuencia de las epidemias [&hellip;]<\/p>\n","protected":false},"author":3,"featured_media":829,"comment_status":"open","ping_status":"open","sticky":false,"template":"","format":"standard","meta":{"footnotes":""},"categories":[6],"tags":[],"yoast_head":"<!-- This site is optimized with the Yoast SEO Premium plugin v20.1 (Yoast SEO v20.10) - https:\/\/yoast.com\/wordpress\/plugins\/seo\/ -->\n<title>SAN ANDR\u00c9S CALPAN | Mujer Transformadora<\/title>\n<meta name=\"robots\" content=\"index, follow, max-snippet:-1, max-image-preview:large, max-video-preview:-1\" \/>\n<link rel=\"canonical\" href=\"https:\/\/riveravivanco.com\/index.php\/2023\/02\/18\/san-andres-calpan\/\" \/>\n<meta property=\"og:locale\" content=\"en_US\" \/>\n<meta property=\"og:type\" content=\"article\" \/>\n<meta property=\"og:title\" content=\"SAN ANDR\u00c9S CALPAN\" \/>\n<meta property=\"og:description\" content=\"Poblaci\u00f3n: Poco m\u00e1s de 15,000 habitantes. Etimolog\u00eda: Se origina de las voces nahuas &#8220;calli&#8221;, casa; la abundancia, y \u201cpan\u201d, en o sobre; que significa \u201cen donde hay muchas casas\u201d. Datos Hist\u00f3ricos: Debido a la cercan\u00eda de Calpan con Centros Urbanos importantes durante la Conquista Espa\u00f1ola, la poblaci\u00f3n ind\u00edgena disminuy\u00f3 dr\u00e1sticamente como consecuencia de las epidemias [&hellip;]\" \/>\n<meta property=\"og:url\" content=\"https:\/\/riveravivanco.com\/index.php\/2023\/02\/18\/san-andres-calpan\/\" \/>\n<meta property=\"og:site_name\" content=\"Mujer Transformadora\" \/>\n<meta property=\"article:publisher\" content=\"https:\/\/www.facebook.com\/ClauRiveraVivanco\" \/>\n<meta property=\"article:published_time\" content=\"2023-02-18T00:16:44+00:00\" \/>\n<meta property=\"article:modified_time\" content=\"2023-03-03T17:20:38+00:00\" \/>\n<meta property=\"og:image\" content=\"https:\/\/riveravivanco.com\/wp-content\/uploads\/2023\/02\/UB-1.png\" \/>\n\t<meta property=\"og:image:width\" content=\"33\" \/>\n\t<meta property=\"og:image:height\" content=\"37\" \/>\n\t<meta property=\"og:image:type\" content=\"image\/png\" \/>\n<meta name=\"author\" content=\"Franco\" \/>\n<meta name=\"twitter:card\" content=\"summary_large_image\" \/>\n<meta name=\"twitter:creator\" content=\"@RiveraVivanco_\" \/>\n<meta name=\"twitter:site\" content=\"@RiveraVivanco_\" \/>\n<meta name=\"twitter:label1\" content=\"Written by\" \/>\n\t<meta name=\"twitter:data1\" content=\"Franco\" \/>\n\t<meta name=\"twitter:label2\" content=\"Est. reading time\" \/>\n\t<meta name=\"twitter:data2\" content=\"2 minutes\" \/>\n<script type=\"application\/ld+json\" class=\"yoast-schema-graph\">{\"@context\":\"https:\/\/schema.org\",\"@graph\":[{\"@type\":\"Article\",\"@id\":\"https:\/\/riveravivanco.com\/index.php\/2023\/02\/18\/san-andres-calpan\/#article\",\"isPartOf\":{\"@id\":\"https:\/\/riveravivanco.com\/index.php\/2023\/02\/18\/san-andres-calpan\/\"},\"author\":{\"name\":\"Franco\",\"@id\":\"https:\/\/riveravivanco.com\/#\/schema\/person\/76b54487a0c53b05a9cf9d7d97a57c1a\"},\"headline\":\"SAN ANDR\u00c9S CALPAN\",\"datePublished\":\"2023-02-18T00:16:44+00:00\",\"dateModified\":\"2023-03-03T17:20:38+00:00\",\"mainEntityOfPage\":{\"@id\":\"https:\/\/riveravivanco.com\/index.php\/2023\/02\/18\/san-andres-calpan\/\"},\"wordCount\":269,\"commentCount\":0,\"publisher\":{\"@id\":\"https:\/\/riveravivanco.com\/#organization\"},\"articleSection\":[\"resumen cultural 5\"],\"inLanguage\":\"en-US\",\"potentialAction\":[{\"@type\":\"CommentAction\",\"name\":\"Comment\",\"target\":[\"https:\/\/riveravivanco.com\/index.php\/2023\/02\/18\/san-andres-calpan\/#respond\"]}]},{\"@type\":\"WebPage\",\"@id\":\"https:\/\/riveravivanco.com\/index.php\/2023\/02\/18\/san-andres-calpan\/\",\"url\":\"https:\/\/riveravivanco.com\/index.php\/2023\/02\/18\/san-andres-calpan\/\",\"name\":\"SAN ANDR\u00c9S CALPAN | Mujer Transformadora\",\"isPartOf\":{\"@id\":\"https:\/\/riveravivanco.com\/#website\"},\"datePublished\":\"2023-02-18T00:16:44+00:00\",\"dateModified\":\"2023-03-03T17:20:38+00:00\",\"breadcrumb\":{\"@id\":\"https:\/\/riveravivanco.com\/index.php\/2023\/02\/18\/san-andres-calpan\/#breadcrumb\"},\"inLanguage\":\"en-US\",\"potentialAction\":[{\"@type\":\"ReadAction\",\"target\":[\"https:\/\/riveravivanco.com\/index.php\/2023\/02\/18\/san-andres-calpan\/\"]}]},{\"@type\":\"BreadcrumbList\",\"@id\":\"https:\/\/riveravivanco.com\/index.php\/2023\/02\/18\/san-andres-calpan\/#breadcrumb\",\"itemListElement\":[{\"@type\":\"ListItem\",\"position\":1,\"name\":\"Home\",\"item\":\"https:\/\/riveravivanco.com\/\"},{\"@type\":\"ListItem\",\"position\":2,\"name\":\"SAN ANDR\u00c9S CALPAN\"}]},{\"@type\":\"WebSite\",\"@id\":\"https:\/\/riveravivanco.com\/#website\",\"url\":\"https:\/\/riveravivanco.com\/\",\"name\":\"Mujer Transformadora\",\"description\":\"#Mujer Transformadora es el espacio de las mujeres poblanas y de todos aquellos que compartimos sus causas, sin importar edad, sexo o condici\u00f3n social.\",\"publisher\":{\"@id\":\"https:\/\/riveravivanco.com\/#organization\"},\"alternateName\":\"Mujer Transformadora\",\"potentialAction\":[{\"@type\":\"SearchAction\",\"target\":{\"@type\":\"EntryPoint\",\"urlTemplate\":\"https:\/\/riveravivanco.com\/?s={search_term_string}\"},\"query-input\":\"required name=search_term_string\"}],\"inLanguage\":\"en-US\"},{\"@type\":\"Organization\",\"@id\":\"https:\/\/riveravivanco.com\/#organization\",\"name\":\"Mujer Transformadora\",\"alternateName\":\"Mujer Transformadora\",\"url\":\"https:\/\/riveravivanco.com\/\",\"logo\":{\"@type\":\"ImageObject\",\"inLanguage\":\"en-US\",\"@id\":\"https:\/\/riveravivanco.com\/#\/schema\/logo\/image\/\",\"url\":\"https:\/\/riveravivanco.com\/wp-content\/uploads\/2023\/02\/cropped-MT2.png\",\"contentUrl\":\"https:\/\/riveravivanco.com\/wp-content\/uploads\/2023\/02\/cropped-MT2.png\",\"width\":512,\"height\":512,\"caption\":\"Mujer Transformadora\"},\"image\":{\"@id\":\"https:\/\/riveravivanco.com\/#\/schema\/logo\/image\/\"},\"sameAs\":[\"https:\/\/www.facebook.com\/ClauRiveraVivanco\",\"https:\/\/twitter.com\/RiveraVivanco_\",\"https:\/\/www.instagram.com\/riveravivanco_\/\",\"https:\/\/www.tiktok.com\/@riveravivanco\",\"https:\/\/www.youtube.com\/@RiveraVivanco\"]},{\"@type\":\"Person\",\"@id\":\"https:\/\/riveravivanco.com\/#\/schema\/person\/76b54487a0c53b05a9cf9d7d97a57c1a\",\"name\":\"Franco\",\"image\":{\"@type\":\"ImageObject\",\"inLanguage\":\"en-US\",\"@id\":\"https:\/\/riveravivanco.com\/#\/schema\/person\/image\/\",\"url\":\"https:\/\/secure.gravatar.com\/avatar\/e6ee2d030a6430d97a80d605a81453f3?s=96&d=mm&r=g\",\"contentUrl\":\"https:\/\/secure.gravatar.com\/avatar\/e6ee2d030a6430d97a80d605a81453f3?s=96&d=mm&r=g\",\"caption\":\"Franco\"},\"url\":\"https:\/\/riveravivanco.com\/index.php\/author\/frank\/\"}]}<\/script>\n<!-- \/ Yoast SEO Premium plugin. -->","yoast_head_json":{"title":"SAN ANDR\u00c9S CALPAN | Mujer Transformadora","robots":{"index":"index","follow":"follow","max-snippet":"max-snippet:-1","max-image-preview":"max-image-preview:large","max-video-preview":"max-video-preview:-1"},"canonical":"https:\/\/riveravivanco.com\/index.php\/2023\/02\/18\/san-andres-calpan\/","og_locale":"en_US","og_type":"article","og_title":"SAN ANDR\u00c9S CALPAN","og_description":"Poblaci\u00f3n: Poco m\u00e1s de 15,000 habitantes. Etimolog\u00eda: Se origina de las voces nahuas &#8220;calli&#8221;, casa; la abundancia, y \u201cpan\u201d, en o sobre; que significa \u201cen donde hay muchas casas\u201d. Datos Hist\u00f3ricos: Debido a la cercan\u00eda de Calpan con Centros Urbanos importantes durante la Conquista Espa\u00f1ola, la poblaci\u00f3n ind\u00edgena disminuy\u00f3 dr\u00e1sticamente como consecuencia de las epidemias [&hellip;]","og_url":"https:\/\/riveravivanco.com\/index.php\/2023\/02\/18\/san-andres-calpan\/","og_site_name":"Mujer Transformadora","article_publisher":"https:\/\/www.facebook.com\/ClauRiveraVivanco","article_published_time":"2023-02-18T00:16:44+00:00","article_modified_time":"2023-03-03T17:20:38+00:00","og_image":[{"width":33,"height":37,"url":"https:\/\/riveravivanco.com\/wp-content\/uploads\/2023\/02\/UB-1.png","type":"image\/png"}],"author":"Franco","twitter_card":"summary_large_image","twitter_creator":"@RiveraVivanco_","twitter_site":"@RiveraVivanco_","twitter_misc":{"Written by":"Franco","Est. reading time":"2 minutes"},"schema":{"@context":"https:\/\/schema.org","@graph":[{"@type":"Article","@id":"https:\/\/riveravivanco.com\/index.php\/2023\/02\/18\/san-andres-calpan\/#article","isPartOf":{"@id":"https:\/\/riveravivanco.com\/index.php\/2023\/02\/18\/san-andres-calpan\/"},"author":{"name":"Franco","@id":"https:\/\/riveravivanco.com\/#\/schema\/person\/76b54487a0c53b05a9cf9d7d97a57c1a"},"headline":"SAN ANDR\u00c9S CALPAN","datePublished":"2023-02-18T00:16:44+00:00","dateModified":"2023-03-03T17:20:38+00:00","mainEntityOfPage":{"@id":"https:\/\/riveravivanco.com\/index.php\/2023\/02\/18\/san-andres-calpan\/"},"wordCount":269,"commentCount":0,"publisher":{"@id":"https:\/\/riveravivanco.com\/#organization"},"articleSection":["resumen cultural 5"],"inLanguage":"en-US","potentialAction":[{"@type":"CommentAction","name":"Comment","target":["https:\/\/riveravivanco.com\/index.php\/2023\/02\/18\/san-andres-calpan\/#respond"]}]},{"@type":"WebPage","@id":"https:\/\/riveravivanco.com\/index.php\/2023\/02\/18\/san-andres-calpan\/","url":"https:\/\/riveravivanco.com\/index.php\/2023\/02\/18\/san-andres-calpan\/","name":"SAN ANDR\u00c9S CALPAN | Mujer Transformadora","isPartOf":{"@id":"https:\/\/riveravivanco.com\/#website"},"datePublished":"2023-02-18T00:16:44+00:00","dateModified":"2023-03-03T17:20:38+00:00","breadcrumb":{"@id":"https:\/\/riveravivanco.com\/index.php\/2023\/02\/18\/san-andres-calpan\/#breadcrumb"},"inLanguage":"en-US","potentialAction":[{"@type":"ReadAction","target":["https:\/\/riveravivanco.com\/index.php\/2023\/02\/18\/san-andres-calpan\/"]}]},{"@type":"BreadcrumbList","@id":"https:\/\/riveravivanco.com\/index.php\/2023\/02\/18\/san-andres-calpan\/#breadcrumb","itemListElement":[{"@type":"ListItem","position":1,"name":"Home","item":"https:\/\/riveravivanco.com\/"},{"@type":"ListItem","position":2,"name":"SAN ANDR\u00c9S CALPAN"}]},{"@type":"WebSite","@id":"https:\/\/riveravivanco.com\/#website","url":"https:\/\/riveravivanco.com\/","name":"Mujer Transformadora","description":"#Mujer Transformadora es el espacio de las mujeres poblanas y de todos aquellos que compartimos sus causas, sin importar edad, sexo o condici\u00f3n social.","publisher":{"@id":"https:\/\/riveravivanco.com\/#organization"},"alternateName":"Mujer Transformadora","potentialAction":[{"@type":"SearchAction","target":{"@type":"EntryPoint","urlTemplate":"https:\/\/riveravivanco.com\/?s={search_term_string}"},"query-input":"required name=search_term_string"}],"inLanguage":"en-US"},{"@type":"Organization","@id":"https:\/\/riveravivanco.com\/#organization","name":"Mujer Transformadora","alternateName":"Mujer Transformadora","url":"https:\/\/riveravivanco.com\/","logo":{"@type":"ImageObject","inLanguage":"en-US","@id":"https:\/\/riveravivanco.com\/#\/schema\/logo\/image\/","url":"https:\/\/riveravivanco.com\/wp-content\/uploads\/2023\/02\/cropped-MT2.png","contentUrl":"https:\/\/riveravivanco.com\/wp-content\/uploads\/2023\/02\/cropped-MT2.png","width":512,"height":512,"caption":"Mujer Transformadora"},"image":{"@id":"https:\/\/riveravivanco.com\/#\/schema\/logo\/image\/"},"sameAs":["https:\/\/www.facebook.com\/ClauRiveraVivanco","https:\/\/twitter.com\/RiveraVivanco_","https:\/\/www.instagram.com\/riveravivanco_\/","https:\/\/www.tiktok.com\/@riveravivanco","https:\/\/www.youtube.com\/@RiveraVivanco"]},{"@type":"Person","@id":"https:\/\/riveravivanco.com\/#\/schema\/person\/76b54487a0c53b05a9cf9d7d97a57c1a","name":"Franco","image":{"@type":"ImageObject","inLanguage":"en-US","@id":"https:\/\/riveravivanco.com\/#\/schema\/person\/image\/","url":"https:\/\/secure.gravatar.com\/avatar\/e6ee2d030a6430d97a80d605a81453f3?s=96&d=mm&r=g","contentUrl":"https:\/\/secure.gravatar.com\/avatar\/e6ee2d030a6430d97a80d605a81453f3?s=96&d=mm&r=g","caption":"Franco"},"url":"https:\/\/riveravivanco.com\/index.php\/author\/frank\/"}]}},"_links":{"self":[{"href":"https:\/\/riveravivanco.com\/index.php\/wp-json\/wp\/v2\/posts\/902"}],"collection":[{"href":"https:\/\/riveravivanco.com\/index.php\/wp-json\/wp\/v2\/posts"}],"about":[{"href":"https:\/\/riveravivanco.com\/index.php\/wp-json\/wp\/v2\/types\/post"}],"author":[{"embeddable":true,"href":"https:\/\/riveravivanco.com\/index.php\/wp-json\/wp\/v2\/users\/3"}],"replies":[{"embeddable":true,"href":"https:\/\/riveravivanco.com\/index.php\/wp-json\/wp\/v2\/comments?post=902"}],"version-history":[{"count":2,"href":"https:\/\/riveravivanco.com\/index.php\/wp-json\/wp\/v2\/posts\/902\/revisions"}],"predecessor-version":[{"id":1074,"href":"https:\/\/riveravivanco.com\/index.php\/wp-json\/wp\/v2\/posts\/902\/revisions\/1074"}],"wp:featuredmedia":[{"embeddable":true,"href":"https:\/\/riveravivanco.com\/index.php\/wp-json\/wp\/v2\/media\/829"}],"wp:attachment":[{"href":"https:\/\/riveravivanco.com\/index.php\/wp-json\/wp\/v2\/media?parent=902"}],"wp:term":[{"taxonomy":"category","embeddable":true,"href":"https:\/\/riveravivanco.com\/index.php\/wp-json\/wp\/v2\/categories?post=902"},{"taxonomy":"post_tag","embeddable":true,"href":"https:\/\/riveravivanco.com\/index.php\/wp-json\/wp\/v2\/tags?post=902"}],"curies":[{"name":"wp","href":"https:\/\/api.w.org\/{rel}","templated":true}]}}