{"id":891,"date":"2023-02-17T23:55:14","date_gmt":"2023-02-17T23:55:14","guid":{"rendered":"https:\/\/riveravivanco.com\/?p=891"},"modified":"2023-02-27T19:37:04","modified_gmt":"2023-02-27T19:37:04","slug":"chalchicomula-de-sesma","status":"publish","type":"post","link":"https:\/\/riveravivanco.com\/index.php\/2023\/02\/17\/chalchicomula-de-sesma\/","title":{"rendered":"CHALCHICOMULA DE SESMA"},"content":{"rendered":"\n<p><strong>Municipio:<\/strong> Chalchicomula de Sesma<\/p>\n\n\n\n<p><strong>Poblaci\u00f3n:<\/strong> En 2020, la poblaci\u00f3n en Chalchicomula de Sesma fue de <strong><em>47,410 habitantes<\/em><\/strong> (48.1% hombres y 51.9% mujeres).<\/p>\n\n\n\n<p><strong>Etimolog\u00eda:<\/strong><\/p>\n\n\n\n<p>El nombre procede de las dicciones nahuas &#8220;chalchihuitl&#8221;, jade; &#8220;comul&#8221;, pozo; y &#8220;la&#8221;, part\u00edcula abundancial; lo que significa &#8220;Pozo donde abundan las Piedras Verdes o Chalchihuites<\/p>\n\n\n\n<p><strong>Historia y datos curiosos:<\/strong><\/p>\n\n\n\n<p><strong><em>EL ORIGEN DE CHALCHICOMULA<\/em><\/strong><strong><em><\/em><\/strong><\/p>\n\n\n\n<p>Durante la \u00e9poca prehisp\u00e1nica, Chalchicomula perteneci\u00f3 al se\u00f1or\u00edo de Tepeaca, que despu\u00e9s de la Conquista se convirti\u00f3 en provincia.<\/p>\n\n\n\n<p>\u201cSan Andr\u00e9s Chalchicomula no se iba a fundar en el sitio en el que est\u00e1 hoy, los primeros asentamientos estuvieron en la parte alta de lo que se conoce como San Francisco Cuautlancingo. Ah\u00ed hay vestigios de los primeros asentamientos de las culturas prehisp\u00e1nicas\u201d, expone Lizbeth L\u00f3pez Zacaula, directora de Turismo y Cultura del municipio de Chalchicomula de Sesma.<\/p>\n\n\n\n<p>Refiere que los primeros pobladores se asentaron en Barranca Ventana, que es una barranca con cuevas en la que tambi\u00e9n se encuentran los \u201cteteles\u201d, es decir, las tumbas de los grandes Tlatoanis de M\u00e9xico, quienes eran los emperadores en la \u00e9poca prehisp\u00e1nica.<\/p>\n\n\n\n<p>\u201cSe dice que Quetzalc\u00f3atl vino a morir al Citlalt\u00e9petl y la leyenda cuenta que, la primera estrella que se ve al anochecer, es \u00e9l\u201d, advierte.<\/p>\n\n\n\n<p>\u00bfPor qu\u00e9 hay tumbas de tlatoanis? Porque ellos dec\u00edan que para alcanzar la siguiente vida o la inmortalidad deb\u00edan sucumbir en el puno m\u00e1s alto del pa\u00eds, lo que les ayudar\u00eda a trascender al cielo, por eso iban exprofeso a morir a Chalchicomula, espec\u00edficamente al Citlalt\u00e9ptl (Cerro de la Estrella) que hoy es conocido como Pico de Orizaba y es la monta\u00f1a m\u00e1s alta de M\u00e9xico.<\/p>\n\n\n\n<p>\u201cHa habido personas que han saqueado los teteles, pero gracias a eso hemos encontrado osamentas y la indumentaria con la que enterraban a los emperadores de ese entonces. De igual manera se han hallado vasijas de barro, pectorales con piedra preciosas y oro, pero todo se lo han llevado\u201d, lamenta la directora de Turismo y Cultura del municipio.<\/p>\n\n\n\n<p><strong><em>LA MUJER QUE TRAJO DESARROLLO A SAN ANDR\u00c9S<\/em><\/strong><strong><em><\/em><\/strong><\/p>\n\n\n\n<p>Dolores Bulnes era propietaria de dos importantes haciendas en Chalchicomula: San Diego Texmelucan en Tlachichuca y Santa Mar\u00eda en Zimatepec, ella misma las administraba, lo que llama la atenci\u00f3n porque destac\u00f3 en una \u00e9poca en la que la mujer era poco menos que invisible en el \u00e1mbito de la econom\u00eda y los negocios.<\/p>\n\n\n\n<p>Su car\u00e1cter recio y determinado la hicieron destacar en todos los \u00e1mbito, adem\u00e1s de que disfrutaba de buenas relaciones pol\u00edticas y sociales en la regi\u00f3n, al grado de mantener una \u201cestrecha amistad\u201d con Porfirio D\u00edaz.<\/p>\n\n\n\n<p>Aseguran que el entonces presidente de M\u00e9xico lleg\u00f3 a pernoctar en la casa de Bulnes, e incluso, se dice que ella le guardaba lingotes de oro en su propiedad que luego embarcaba en el tren hacia Veracruz y de ah\u00ed se iban a Francia.<\/p>\n\n\n\n<p>Se cree que Dolores Bulnes lleg\u00f3 a vivir a Chalchicomula en la primera mitad del siglo XIX y mando a construir su casa en la calle de las Escalerillas (hoy 2 sur 302). Era una casa veraniega estilo franc\u00e9s que rompi\u00f3 con la arquitectura de entonces.&nbsp;<\/p>\n\n\n\n<p>(La casa de Dolores Bulnes fue rescatada y hoy funge como centro cultural, es conocida Casa La Magnolia)<\/p>\n\n\n\n<p><strong>RESPONSABLE: DANIEL HERN\u00c1NDEZ<\/strong><\/p>\n","protected":false},"excerpt":{"rendered":"<p>Municipio: Chalchicomula de Sesma Poblaci\u00f3n: En 2020, la poblaci\u00f3n en Chalchicomula de Sesma fue de 47,410 habitantes (48.1% hombres y 51.9% mujeres). Etimolog\u00eda: El nombre procede de las dicciones nahuas &#8220;chalchihuitl&#8221;, jade; &#8220;comul&#8221;, pozo; y &#8220;la&#8221;, part\u00edcula abundancial; lo que significa &#8220;Pozo donde abundan las Piedras Verdes o Chalchihuites Historia y datos curiosos: EL ORIGEN [&hellip;]<\/p>\n","protected":false},"author":3,"featured_media":829,"comment_status":"open","ping_status":"open","sticky":false,"template":"","format":"standard","meta":{"footnotes":""},"categories":[5],"tags":[],"yoast_head":"<!-- This site is optimized with the Yoast SEO Premium plugin v20.1 (Yoast SEO v20.10) - https:\/\/yoast.com\/wordpress\/plugins\/seo\/ -->\n<title>CHALCHICOMULA DE SESMA | Mujer Transformadora<\/title>\n<meta name=\"robots\" content=\"index, follow, max-snippet:-1, max-image-preview:large, max-video-preview:-1\" \/>\n<link rel=\"canonical\" href=\"https:\/\/riveravivanco.com\/index.php\/2023\/02\/17\/chalchicomula-de-sesma\/\" \/>\n<meta property=\"og:locale\" content=\"en_US\" \/>\n<meta property=\"og:type\" content=\"article\" \/>\n<meta property=\"og:title\" content=\"CHALCHICOMULA DE SESMA\" \/>\n<meta property=\"og:description\" content=\"Municipio: Chalchicomula de Sesma Poblaci\u00f3n: En 2020, la poblaci\u00f3n en Chalchicomula de Sesma fue de 47,410 habitantes (48.1% hombres y 51.9% mujeres). Etimolog\u00eda: El nombre procede de las dicciones nahuas &#8220;chalchihuitl&#8221;, jade; &#8220;comul&#8221;, pozo; y &#8220;la&#8221;, part\u00edcula abundancial; lo que significa &#8220;Pozo donde abundan las Piedras Verdes o Chalchihuites Historia y datos curiosos: EL ORIGEN [&hellip;]\" \/>\n<meta property=\"og:url\" content=\"https:\/\/riveravivanco.com\/index.php\/2023\/02\/17\/chalchicomula-de-sesma\/\" \/>\n<meta property=\"og:site_name\" content=\"Mujer Transformadora\" \/>\n<meta property=\"article:publisher\" content=\"https:\/\/www.facebook.com\/ClauRiveraVivanco\" \/>\n<meta property=\"article:published_time\" content=\"2023-02-17T23:55:14+00:00\" \/>\n<meta property=\"article:modified_time\" content=\"2023-02-27T19:37:04+00:00\" \/>\n<meta property=\"og:image\" content=\"https:\/\/riveravivanco.com\/wp-content\/uploads\/2023\/02\/UB-1.png\" \/>\n\t<meta property=\"og:image:width\" content=\"33\" \/>\n\t<meta property=\"og:image:height\" content=\"37\" \/>\n\t<meta property=\"og:image:type\" content=\"image\/png\" \/>\n<meta name=\"author\" content=\"Franco\" \/>\n<meta name=\"twitter:card\" content=\"summary_large_image\" \/>\n<meta name=\"twitter:creator\" content=\"@RiveraVivanco_\" \/>\n<meta name=\"twitter:site\" content=\"@RiveraVivanco_\" \/>\n<meta name=\"twitter:label1\" content=\"Written by\" \/>\n\t<meta name=\"twitter:data1\" content=\"Franco\" \/>\n\t<meta name=\"twitter:label2\" content=\"Est. reading time\" \/>\n\t<meta name=\"twitter:data2\" content=\"3 minutes\" \/>\n<script type=\"application\/ld+json\" class=\"yoast-schema-graph\">{\"@context\":\"https:\/\/schema.org\",\"@graph\":[{\"@type\":\"Article\",\"@id\":\"https:\/\/riveravivanco.com\/index.php\/2023\/02\/17\/chalchicomula-de-sesma\/#article\",\"isPartOf\":{\"@id\":\"https:\/\/riveravivanco.com\/index.php\/2023\/02\/17\/chalchicomula-de-sesma\/\"},\"author\":{\"name\":\"Franco\",\"@id\":\"https:\/\/riveravivanco.com\/#\/schema\/person\/76b54487a0c53b05a9cf9d7d97a57c1a\"},\"headline\":\"CHALCHICOMULA DE SESMA\",\"datePublished\":\"2023-02-17T23:55:14+00:00\",\"dateModified\":\"2023-02-27T19:37:04+00:00\",\"mainEntityOfPage\":{\"@id\":\"https:\/\/riveravivanco.com\/index.php\/2023\/02\/17\/chalchicomula-de-sesma\/\"},\"wordCount\":569,\"commentCount\":0,\"publisher\":{\"@id\":\"https:\/\/riveravivanco.com\/#organization\"},\"articleSection\":[\"resumen cultural 4\"],\"inLanguage\":\"en-US\",\"potentialAction\":[{\"@type\":\"CommentAction\",\"name\":\"Comment\",\"target\":[\"https:\/\/riveravivanco.com\/index.php\/2023\/02\/17\/chalchicomula-de-sesma\/#respond\"]}]},{\"@type\":\"WebPage\",\"@id\":\"https:\/\/riveravivanco.com\/index.php\/2023\/02\/17\/chalchicomula-de-sesma\/\",\"url\":\"https:\/\/riveravivanco.com\/index.php\/2023\/02\/17\/chalchicomula-de-sesma\/\",\"name\":\"CHALCHICOMULA DE SESMA | Mujer Transformadora\",\"isPartOf\":{\"@id\":\"https:\/\/riveravivanco.com\/#website\"},\"datePublished\":\"2023-02-17T23:55:14+00:00\",\"dateModified\":\"2023-02-27T19:37:04+00:00\",\"breadcrumb\":{\"@id\":\"https:\/\/riveravivanco.com\/index.php\/2023\/02\/17\/chalchicomula-de-sesma\/#breadcrumb\"},\"inLanguage\":\"en-US\",\"potentialAction\":[{\"@type\":\"ReadAction\",\"target\":[\"https:\/\/riveravivanco.com\/index.php\/2023\/02\/17\/chalchicomula-de-sesma\/\"]}]},{\"@type\":\"BreadcrumbList\",\"@id\":\"https:\/\/riveravivanco.com\/index.php\/2023\/02\/17\/chalchicomula-de-sesma\/#breadcrumb\",\"itemListElement\":[{\"@type\":\"ListItem\",\"position\":1,\"name\":\"Home\",\"item\":\"https:\/\/riveravivanco.com\/\"},{\"@type\":\"ListItem\",\"position\":2,\"name\":\"CHALCHICOMULA DE SESMA\"}]},{\"@type\":\"WebSite\",\"@id\":\"https:\/\/riveravivanco.com\/#website\",\"url\":\"https:\/\/riveravivanco.com\/\",\"name\":\"Mujer Transformadora\",\"description\":\"#Mujer Transformadora es el espacio de las mujeres poblanas y de todos aquellos que compartimos sus causas, sin importar edad, sexo o condici\u00f3n social.\",\"publisher\":{\"@id\":\"https:\/\/riveravivanco.com\/#organization\"},\"alternateName\":\"Mujer Transformadora\",\"potentialAction\":[{\"@type\":\"SearchAction\",\"target\":{\"@type\":\"EntryPoint\",\"urlTemplate\":\"https:\/\/riveravivanco.com\/?s={search_term_string}\"},\"query-input\":\"required name=search_term_string\"}],\"inLanguage\":\"en-US\"},{\"@type\":\"Organization\",\"@id\":\"https:\/\/riveravivanco.com\/#organization\",\"name\":\"Mujer Transformadora\",\"alternateName\":\"Mujer Transformadora\",\"url\":\"https:\/\/riveravivanco.com\/\",\"logo\":{\"@type\":\"ImageObject\",\"inLanguage\":\"en-US\",\"@id\":\"https:\/\/riveravivanco.com\/#\/schema\/logo\/image\/\",\"url\":\"https:\/\/riveravivanco.com\/wp-content\/uploads\/2023\/02\/cropped-MT2.png\",\"contentUrl\":\"https:\/\/riveravivanco.com\/wp-content\/uploads\/2023\/02\/cropped-MT2.png\",\"width\":512,\"height\":512,\"caption\":\"Mujer Transformadora\"},\"image\":{\"@id\":\"https:\/\/riveravivanco.com\/#\/schema\/logo\/image\/\"},\"sameAs\":[\"https:\/\/www.facebook.com\/ClauRiveraVivanco\",\"https:\/\/twitter.com\/RiveraVivanco_\",\"https:\/\/www.instagram.com\/riveravivanco_\/\",\"https:\/\/www.tiktok.com\/@riveravivanco\",\"https:\/\/www.youtube.com\/@RiveraVivanco\"]},{\"@type\":\"Person\",\"@id\":\"https:\/\/riveravivanco.com\/#\/schema\/person\/76b54487a0c53b05a9cf9d7d97a57c1a\",\"name\":\"Franco\",\"image\":{\"@type\":\"ImageObject\",\"inLanguage\":\"en-US\",\"@id\":\"https:\/\/riveravivanco.com\/#\/schema\/person\/image\/\",\"url\":\"https:\/\/secure.gravatar.com\/avatar\/e6ee2d030a6430d97a80d605a81453f3?s=96&d=mm&r=g\",\"contentUrl\":\"https:\/\/secure.gravatar.com\/avatar\/e6ee2d030a6430d97a80d605a81453f3?s=96&d=mm&r=g\",\"caption\":\"Franco\"},\"url\":\"https:\/\/riveravivanco.com\/index.php\/author\/frank\/\"}]}<\/script>\n<!-- \/ Yoast SEO Premium plugin. -->","yoast_head_json":{"title":"CHALCHICOMULA DE SESMA | Mujer Transformadora","robots":{"index":"index","follow":"follow","max-snippet":"max-snippet:-1","max-image-preview":"max-image-preview:large","max-video-preview":"max-video-preview:-1"},"canonical":"https:\/\/riveravivanco.com\/index.php\/2023\/02\/17\/chalchicomula-de-sesma\/","og_locale":"en_US","og_type":"article","og_title":"CHALCHICOMULA DE SESMA","og_description":"Municipio: Chalchicomula de Sesma Poblaci\u00f3n: En 2020, la poblaci\u00f3n en Chalchicomula de Sesma fue de 47,410 habitantes (48.1% hombres y 51.9% mujeres). Etimolog\u00eda: El nombre procede de las dicciones nahuas &#8220;chalchihuitl&#8221;, jade; &#8220;comul&#8221;, pozo; y &#8220;la&#8221;, part\u00edcula abundancial; lo que significa &#8220;Pozo donde abundan las Piedras Verdes o Chalchihuites Historia y datos curiosos: EL ORIGEN [&hellip;]","og_url":"https:\/\/riveravivanco.com\/index.php\/2023\/02\/17\/chalchicomula-de-sesma\/","og_site_name":"Mujer Transformadora","article_publisher":"https:\/\/www.facebook.com\/ClauRiveraVivanco","article_published_time":"2023-02-17T23:55:14+00:00","article_modified_time":"2023-02-27T19:37:04+00:00","og_image":[{"width":33,"height":37,"url":"https:\/\/riveravivanco.com\/wp-content\/uploads\/2023\/02\/UB-1.png","type":"image\/png"}],"author":"Franco","twitter_card":"summary_large_image","twitter_creator":"@RiveraVivanco_","twitter_site":"@RiveraVivanco_","twitter_misc":{"Written by":"Franco","Est. reading time":"3 minutes"},"schema":{"@context":"https:\/\/schema.org","@graph":[{"@type":"Article","@id":"https:\/\/riveravivanco.com\/index.php\/2023\/02\/17\/chalchicomula-de-sesma\/#article","isPartOf":{"@id":"https:\/\/riveravivanco.com\/index.php\/2023\/02\/17\/chalchicomula-de-sesma\/"},"author":{"name":"Franco","@id":"https:\/\/riveravivanco.com\/#\/schema\/person\/76b54487a0c53b05a9cf9d7d97a57c1a"},"headline":"CHALCHICOMULA DE SESMA","datePublished":"2023-02-17T23:55:14+00:00","dateModified":"2023-02-27T19:37:04+00:00","mainEntityOfPage":{"@id":"https:\/\/riveravivanco.com\/index.php\/2023\/02\/17\/chalchicomula-de-sesma\/"},"wordCount":569,"commentCount":0,"publisher":{"@id":"https:\/\/riveravivanco.com\/#organization"},"articleSection":["resumen cultural 4"],"inLanguage":"en-US","potentialAction":[{"@type":"CommentAction","name":"Comment","target":["https:\/\/riveravivanco.com\/index.php\/2023\/02\/17\/chalchicomula-de-sesma\/#respond"]}]},{"@type":"WebPage","@id":"https:\/\/riveravivanco.com\/index.php\/2023\/02\/17\/chalchicomula-de-sesma\/","url":"https:\/\/riveravivanco.com\/index.php\/2023\/02\/17\/chalchicomula-de-sesma\/","name":"CHALCHICOMULA DE SESMA | Mujer Transformadora","isPartOf":{"@id":"https:\/\/riveravivanco.com\/#website"},"datePublished":"2023-02-17T23:55:14+00:00","dateModified":"2023-02-27T19:37:04+00:00","breadcrumb":{"@id":"https:\/\/riveravivanco.com\/index.php\/2023\/02\/17\/chalchicomula-de-sesma\/#breadcrumb"},"inLanguage":"en-US","potentialAction":[{"@type":"ReadAction","target":["https:\/\/riveravivanco.com\/index.php\/2023\/02\/17\/chalchicomula-de-sesma\/"]}]},{"@type":"BreadcrumbList","@id":"https:\/\/riveravivanco.com\/index.php\/2023\/02\/17\/chalchicomula-de-sesma\/#breadcrumb","itemListElement":[{"@type":"ListItem","position":1,"name":"Home","item":"https:\/\/riveravivanco.com\/"},{"@type":"ListItem","position":2,"name":"CHALCHICOMULA DE SESMA"}]},{"@type":"WebSite","@id":"https:\/\/riveravivanco.com\/#website","url":"https:\/\/riveravivanco.com\/","name":"Mujer Transformadora","description":"#Mujer Transformadora es el espacio de las mujeres poblanas y de todos aquellos que compartimos sus causas, sin importar edad, sexo o condici\u00f3n social.","publisher":{"@id":"https:\/\/riveravivanco.com\/#organization"},"alternateName":"Mujer Transformadora","potentialAction":[{"@type":"SearchAction","target":{"@type":"EntryPoint","urlTemplate":"https:\/\/riveravivanco.com\/?s={search_term_string}"},"query-input":"required name=search_term_string"}],"inLanguage":"en-US"},{"@type":"Organization","@id":"https:\/\/riveravivanco.com\/#organization","name":"Mujer Transformadora","alternateName":"Mujer Transformadora","url":"https:\/\/riveravivanco.com\/","logo":{"@type":"ImageObject","inLanguage":"en-US","@id":"https:\/\/riveravivanco.com\/#\/schema\/logo\/image\/","url":"https:\/\/riveravivanco.com\/wp-content\/uploads\/2023\/02\/cropped-MT2.png","contentUrl":"https:\/\/riveravivanco.com\/wp-content\/uploads\/2023\/02\/cropped-MT2.png","width":512,"height":512,"caption":"Mujer Transformadora"},"image":{"@id":"https:\/\/riveravivanco.com\/#\/schema\/logo\/image\/"},"sameAs":["https:\/\/www.facebook.com\/ClauRiveraVivanco","https:\/\/twitter.com\/RiveraVivanco_","https:\/\/www.instagram.com\/riveravivanco_\/","https:\/\/www.tiktok.com\/@riveravivanco","https:\/\/www.youtube.com\/@RiveraVivanco"]},{"@type":"Person","@id":"https:\/\/riveravivanco.com\/#\/schema\/person\/76b54487a0c53b05a9cf9d7d97a57c1a","name":"Franco","image":{"@type":"ImageObject","inLanguage":"en-US","@id":"https:\/\/riveravivanco.com\/#\/schema\/person\/image\/","url":"https:\/\/secure.gravatar.com\/avatar\/e6ee2d030a6430d97a80d605a81453f3?s=96&d=mm&r=g","contentUrl":"https:\/\/secure.gravatar.com\/avatar\/e6ee2d030a6430d97a80d605a81453f3?s=96&d=mm&r=g","caption":"Franco"},"url":"https:\/\/riveravivanco.com\/index.php\/author\/frank\/"}]}},"_links":{"self":[{"href":"https:\/\/riveravivanco.com\/index.php\/wp-json\/wp\/v2\/posts\/891"}],"collection":[{"href":"https:\/\/riveravivanco.com\/index.php\/wp-json\/wp\/v2\/posts"}],"about":[{"href":"https:\/\/riveravivanco.com\/index.php\/wp-json\/wp\/v2\/types\/post"}],"author":[{"embeddable":true,"href":"https:\/\/riveravivanco.com\/index.php\/wp-json\/wp\/v2\/users\/3"}],"replies":[{"embeddable":true,"href":"https:\/\/riveravivanco.com\/index.php\/wp-json\/wp\/v2\/comments?post=891"}],"version-history":[{"count":0,"href":"https:\/\/riveravivanco.com\/index.php\/wp-json\/wp\/v2\/posts\/891\/revisions"}],"wp:featuredmedia":[{"embeddable":true,"href":"https:\/\/riveravivanco.com\/index.php\/wp-json\/wp\/v2\/media\/829"}],"wp:attachment":[{"href":"https:\/\/riveravivanco.com\/index.php\/wp-json\/wp\/v2\/media?parent=891"}],"wp:term":[{"taxonomy":"category","embeddable":true,"href":"https:\/\/riveravivanco.com\/index.php\/wp-json\/wp\/v2\/categories?post=891"},{"taxonomy":"post_tag","embeddable":true,"href":"https:\/\/riveravivanco.com\/index.php\/wp-json\/wp\/v2\/tags?post=891"}],"curies":[{"name":"wp","href":"https:\/\/api.w.org\/{rel}","templated":true}]}}