{"id":887,"date":"2023-02-17T23:54:04","date_gmt":"2023-02-17T23:54:04","guid":{"rendered":"https:\/\/riveravivanco.com\/?p=887"},"modified":"2023-02-27T19:37:52","modified_gmt":"2023-02-27T19:37:52","slug":"esperanza","status":"publish","type":"post","link":"https:\/\/riveravivanco.com\/index.php\/2023\/02\/17\/esperanza\/","title":{"rendered":"ESPERANZA"},"content":{"rendered":"\n<p><strong>Municipio:<\/strong> Esperanza<\/p>\n\n\n\n<p><strong>Poblaci\u00f3n:<\/strong> 14,766<\/p>\n\n\n\n<p><strong>Etimolog\u00eda:<\/strong><\/p>\n\n\n\n<p>Su nombre procede de: Mixtl\u00e1n, vocablo compuesto de &#8220;mixtli&#8221;, nube, y &#8220;tlan&#8221;, lugar, abundancia; &#8220;Lugar de Neblinas&#8221;. El nombre de Esperanza es en honor a la hija de los fundadores, al desaparecer \u00e9sta.<\/p>\n\n\n\n<p>A su territorio se le denomin\u00f3 por los fundadores nahuas Mixtl\u00e1n &#8220;Lugar de neblinas&#8221;; perteneciente al antiguo Distrito de Chalchicomula, en 1930 fue constituido como municipio libre.<\/p>\n\n\n\n<p><strong>Datos Curiosos\/ Historia:<\/strong><\/p>\n\n\n\n<p>Se funda por pobladores nahuas y le llamaron a su territorio Mixtl\u00e1n &#8220;lugar de neblinas&#8221;.<\/p>\n\n\n\n<p><strong>1870:<\/strong> Se termina el tramo del ferrocarril M\u00e9xico-Esperanza-Veracruz por Sebasti\u00e1n Lerdo de Tejada.<\/p>\n\n\n\n<p><strong>1873: <\/strong>Se inaugura la estaci\u00f3n ferroviaria de Esperanza.<\/p>\n\n\n\n<p><strong>1877:<\/strong> Se aprob\u00f3 el proyecto presentado por el Ing. Mariano T\u00e9llez Pizarro para construir el Ferrocarril de Tehuac\u00e1n a Esperanza, los trabajos de construcci\u00f3n se iniciaron en julio de ese a\u00f1o, levant\u00e1ndose la estaci\u00f3n frente a la del Ferrocarril Mexicano en terrenos que regal\u00f3 el due\u00f1o de la hacienda La Esperanza, Don Francisco Guti\u00e9rrez.<\/p>\n\n\n\n<p><strong>1891:<\/strong> Se inaugura el ferrocarril Puebla-Tehuac\u00e1n-Esperanza.<\/p>\n\n\n\n<p>Adem\u00e1s de la &#8220;Estaci\u00f3n Esperanza&#8221; de Ferrocarriles mexicanos, tambi\u00e9n estaba la Estaci\u00f3n del &#8220;Mexicano del Sur&#8221; y el ferrocarril del Xuchil, lo que generaba un gran movimiento de personas que de una u otra manera estaban relacionadas con el tren.<\/p>\n\n\n\n<p>La situaci\u00f3n que se estaba viviendo en la estaci\u00f3n, y sobre todo el movimiento comercial y econ\u00f3mico que el centro ferrocarrilero generaba, solicitaron al Doctor Alfonso Cabrera, gobernador constitucional del Estado de puebla, que se elevara a la categor\u00eda de pueblo la &#8220;Estaci\u00f3n Esperanza&#8221;, ya que, por ser un punto de concentraci\u00f3n de ferrocarriles, el movimiento constante de pasajeros, y la seguridad de establecer los talleres de la empresa de Ferrocarriles en la &#8220;Estaci\u00f3n Esperanza&#8221;.<\/p>\n\n\n\n<p><strong>1917:<\/strong> Por decreto de H. Congreso del Estado de Puebla, se eleva a la categor\u00eda de pueblo la Estaci\u00f3n de Esperanza y que pertenece al municipio de Atzitzintla, el cual en lo sucesivo llevara el nombre de &#8220;Esperanza&#8221;.<\/p>\n\n\n\n<p><strong>1928:<\/strong> Decreto del H. Congreso del Estado de Puebla del 3 de febrero, se erige en municipio Esperanza, conformado del pueblo del mismo nombre y las rancher\u00edas de Santa Catarina, Los Reyes Majada Rayo, San Jos\u00e9 Cuyachapa, Potrero, Haciendas de San Jos\u00e9 Esperanza y San Antonio de Abajo, segreg\u00e1ndose del municipio de Atzitzintla y cuya cabecera radicara en el pueblo de Esperanza.<\/p>\n\n\n\n<p><strong>1995:<\/strong> En la Ley Org\u00e1nica Municipal del Estado de Puebla, Esperanza se consigna como uno de los 217 municipios del estado.<\/p>\n\n\n\n<p><strong>2006:<\/strong> Crea el Agroparque Esperanza con la finalidad de apoyar y fortalecer el campo de manera sustentable.:<\/p>\n\n\n\n<p><strong>Gastronom\u00eda:<\/strong><\/p>\n\n\n\n<p>Entre sus platillos, los dulces y las bebidas m\u00e1s tradicionales se encuentran el mole poblano, el jamoncillo, las cocadas y el pulque respectivamente.<\/p>\n\n\n\n<p><strong>RESPONSABLE: EMMANUEL ZAMBRANO<\/strong><\/p>\n","protected":false},"excerpt":{"rendered":"<p>Municipio: Esperanza Poblaci\u00f3n: 14,766 Etimolog\u00eda: Su nombre procede de: Mixtl\u00e1n, vocablo compuesto de &#8220;mixtli&#8221;, nube, y &#8220;tlan&#8221;, lugar, abundancia; &#8220;Lugar de Neblinas&#8221;. El nombre de Esperanza es en honor a la hija de los fundadores, al desaparecer \u00e9sta. A su territorio se le denomin\u00f3 por los fundadores nahuas Mixtl\u00e1n &#8220;Lugar de neblinas&#8221;; perteneciente al antiguo [&hellip;]<\/p>\n","protected":false},"author":3,"featured_media":829,"comment_status":"open","ping_status":"open","sticky":false,"template":"","format":"standard","meta":{"footnotes":""},"categories":[5],"tags":[],"yoast_head":"<!-- This site is optimized with the Yoast SEO Premium plugin v20.1 (Yoast SEO v20.10) - https:\/\/yoast.com\/wordpress\/plugins\/seo\/ -->\n<title>ESPERANZA | Mujer Transformadora<\/title>\n<meta name=\"robots\" content=\"index, follow, max-snippet:-1, max-image-preview:large, max-video-preview:-1\" \/>\n<link rel=\"canonical\" href=\"https:\/\/riveravivanco.com\/index.php\/2023\/02\/17\/esperanza\/\" \/>\n<meta property=\"og:locale\" content=\"en_US\" \/>\n<meta property=\"og:type\" content=\"article\" \/>\n<meta property=\"og:title\" content=\"ESPERANZA\" \/>\n<meta property=\"og:description\" content=\"Municipio: Esperanza Poblaci\u00f3n: 14,766 Etimolog\u00eda: Su nombre procede de: Mixtl\u00e1n, vocablo compuesto de &#8220;mixtli&#8221;, nube, y &#8220;tlan&#8221;, lugar, abundancia; &#8220;Lugar de Neblinas&#8221;. El nombre de Esperanza es en honor a la hija de los fundadores, al desaparecer \u00e9sta. A su territorio se le denomin\u00f3 por los fundadores nahuas Mixtl\u00e1n &#8220;Lugar de neblinas&#8221;; perteneciente al antiguo [&hellip;]\" \/>\n<meta property=\"og:url\" content=\"https:\/\/riveravivanco.com\/index.php\/2023\/02\/17\/esperanza\/\" \/>\n<meta property=\"og:site_name\" content=\"Mujer Transformadora\" \/>\n<meta property=\"article:publisher\" content=\"https:\/\/www.facebook.com\/ClauRiveraVivanco\" \/>\n<meta property=\"article:published_time\" content=\"2023-02-17T23:54:04+00:00\" \/>\n<meta property=\"article:modified_time\" content=\"2023-02-27T19:37:52+00:00\" \/>\n<meta property=\"og:image\" content=\"https:\/\/riveravivanco.com\/wp-content\/uploads\/2023\/02\/UB-1.png\" \/>\n\t<meta property=\"og:image:width\" content=\"33\" \/>\n\t<meta property=\"og:image:height\" content=\"37\" \/>\n\t<meta property=\"og:image:type\" content=\"image\/png\" \/>\n<meta name=\"author\" content=\"Franco\" \/>\n<meta name=\"twitter:card\" content=\"summary_large_image\" \/>\n<meta name=\"twitter:creator\" content=\"@RiveraVivanco_\" \/>\n<meta name=\"twitter:site\" content=\"@RiveraVivanco_\" \/>\n<meta name=\"twitter:label1\" content=\"Written by\" \/>\n\t<meta name=\"twitter:data1\" content=\"Franco\" \/>\n\t<meta name=\"twitter:label2\" content=\"Est. reading time\" \/>\n\t<meta name=\"twitter:data2\" content=\"3 minutes\" \/>\n<script type=\"application\/ld+json\" class=\"yoast-schema-graph\">{\"@context\":\"https:\/\/schema.org\",\"@graph\":[{\"@type\":\"Article\",\"@id\":\"https:\/\/riveravivanco.com\/index.php\/2023\/02\/17\/esperanza\/#article\",\"isPartOf\":{\"@id\":\"https:\/\/riveravivanco.com\/index.php\/2023\/02\/17\/esperanza\/\"},\"author\":{\"name\":\"Franco\",\"@id\":\"https:\/\/riveravivanco.com\/#\/schema\/person\/76b54487a0c53b05a9cf9d7d97a57c1a\"},\"headline\":\"ESPERANZA\",\"datePublished\":\"2023-02-17T23:54:04+00:00\",\"dateModified\":\"2023-02-27T19:37:52+00:00\",\"mainEntityOfPage\":{\"@id\":\"https:\/\/riveravivanco.com\/index.php\/2023\/02\/17\/esperanza\/\"},\"wordCount\":468,\"commentCount\":0,\"publisher\":{\"@id\":\"https:\/\/riveravivanco.com\/#organization\"},\"articleSection\":[\"resumen cultural 4\"],\"inLanguage\":\"en-US\",\"potentialAction\":[{\"@type\":\"CommentAction\",\"name\":\"Comment\",\"target\":[\"https:\/\/riveravivanco.com\/index.php\/2023\/02\/17\/esperanza\/#respond\"]}]},{\"@type\":\"WebPage\",\"@id\":\"https:\/\/riveravivanco.com\/index.php\/2023\/02\/17\/esperanza\/\",\"url\":\"https:\/\/riveravivanco.com\/index.php\/2023\/02\/17\/esperanza\/\",\"name\":\"ESPERANZA | Mujer Transformadora\",\"isPartOf\":{\"@id\":\"https:\/\/riveravivanco.com\/#website\"},\"datePublished\":\"2023-02-17T23:54:04+00:00\",\"dateModified\":\"2023-02-27T19:37:52+00:00\",\"breadcrumb\":{\"@id\":\"https:\/\/riveravivanco.com\/index.php\/2023\/02\/17\/esperanza\/#breadcrumb\"},\"inLanguage\":\"en-US\",\"potentialAction\":[{\"@type\":\"ReadAction\",\"target\":[\"https:\/\/riveravivanco.com\/index.php\/2023\/02\/17\/esperanza\/\"]}]},{\"@type\":\"BreadcrumbList\",\"@id\":\"https:\/\/riveravivanco.com\/index.php\/2023\/02\/17\/esperanza\/#breadcrumb\",\"itemListElement\":[{\"@type\":\"ListItem\",\"position\":1,\"name\":\"Home\",\"item\":\"https:\/\/riveravivanco.com\/\"},{\"@type\":\"ListItem\",\"position\":2,\"name\":\"ESPERANZA\"}]},{\"@type\":\"WebSite\",\"@id\":\"https:\/\/riveravivanco.com\/#website\",\"url\":\"https:\/\/riveravivanco.com\/\",\"name\":\"Mujer Transformadora\",\"description\":\"#Mujer Transformadora es el espacio de las mujeres poblanas y de todos aquellos que compartimos sus causas, sin importar edad, sexo o condici\u00f3n social.\",\"publisher\":{\"@id\":\"https:\/\/riveravivanco.com\/#organization\"},\"alternateName\":\"Mujer Transformadora\",\"potentialAction\":[{\"@type\":\"SearchAction\",\"target\":{\"@type\":\"EntryPoint\",\"urlTemplate\":\"https:\/\/riveravivanco.com\/?s={search_term_string}\"},\"query-input\":\"required name=search_term_string\"}],\"inLanguage\":\"en-US\"},{\"@type\":\"Organization\",\"@id\":\"https:\/\/riveravivanco.com\/#organization\",\"name\":\"Mujer Transformadora\",\"alternateName\":\"Mujer Transformadora\",\"url\":\"https:\/\/riveravivanco.com\/\",\"logo\":{\"@type\":\"ImageObject\",\"inLanguage\":\"en-US\",\"@id\":\"https:\/\/riveravivanco.com\/#\/schema\/logo\/image\/\",\"url\":\"https:\/\/riveravivanco.com\/wp-content\/uploads\/2023\/02\/cropped-MT2.png\",\"contentUrl\":\"https:\/\/riveravivanco.com\/wp-content\/uploads\/2023\/02\/cropped-MT2.png\",\"width\":512,\"height\":512,\"caption\":\"Mujer Transformadora\"},\"image\":{\"@id\":\"https:\/\/riveravivanco.com\/#\/schema\/logo\/image\/\"},\"sameAs\":[\"https:\/\/www.facebook.com\/ClauRiveraVivanco\",\"https:\/\/twitter.com\/RiveraVivanco_\",\"https:\/\/www.instagram.com\/riveravivanco_\/\",\"https:\/\/www.tiktok.com\/@riveravivanco\",\"https:\/\/www.youtube.com\/@RiveraVivanco\"]},{\"@type\":\"Person\",\"@id\":\"https:\/\/riveravivanco.com\/#\/schema\/person\/76b54487a0c53b05a9cf9d7d97a57c1a\",\"name\":\"Franco\",\"image\":{\"@type\":\"ImageObject\",\"inLanguage\":\"en-US\",\"@id\":\"https:\/\/riveravivanco.com\/#\/schema\/person\/image\/\",\"url\":\"https:\/\/secure.gravatar.com\/avatar\/e6ee2d030a6430d97a80d605a81453f3?s=96&d=mm&r=g\",\"contentUrl\":\"https:\/\/secure.gravatar.com\/avatar\/e6ee2d030a6430d97a80d605a81453f3?s=96&d=mm&r=g\",\"caption\":\"Franco\"},\"url\":\"https:\/\/riveravivanco.com\/index.php\/author\/frank\/\"}]}<\/script>\n<!-- \/ Yoast SEO Premium plugin. -->","yoast_head_json":{"title":"ESPERANZA | Mujer Transformadora","robots":{"index":"index","follow":"follow","max-snippet":"max-snippet:-1","max-image-preview":"max-image-preview:large","max-video-preview":"max-video-preview:-1"},"canonical":"https:\/\/riveravivanco.com\/index.php\/2023\/02\/17\/esperanza\/","og_locale":"en_US","og_type":"article","og_title":"ESPERANZA","og_description":"Municipio: Esperanza Poblaci\u00f3n: 14,766 Etimolog\u00eda: Su nombre procede de: Mixtl\u00e1n, vocablo compuesto de &#8220;mixtli&#8221;, nube, y &#8220;tlan&#8221;, lugar, abundancia; &#8220;Lugar de Neblinas&#8221;. El nombre de Esperanza es en honor a la hija de los fundadores, al desaparecer \u00e9sta. A su territorio se le denomin\u00f3 por los fundadores nahuas Mixtl\u00e1n &#8220;Lugar de neblinas&#8221;; perteneciente al antiguo [&hellip;]","og_url":"https:\/\/riveravivanco.com\/index.php\/2023\/02\/17\/esperanza\/","og_site_name":"Mujer Transformadora","article_publisher":"https:\/\/www.facebook.com\/ClauRiveraVivanco","article_published_time":"2023-02-17T23:54:04+00:00","article_modified_time":"2023-02-27T19:37:52+00:00","og_image":[{"width":33,"height":37,"url":"https:\/\/riveravivanco.com\/wp-content\/uploads\/2023\/02\/UB-1.png","type":"image\/png"}],"author":"Franco","twitter_card":"summary_large_image","twitter_creator":"@RiveraVivanco_","twitter_site":"@RiveraVivanco_","twitter_misc":{"Written by":"Franco","Est. reading time":"3 minutes"},"schema":{"@context":"https:\/\/schema.org","@graph":[{"@type":"Article","@id":"https:\/\/riveravivanco.com\/index.php\/2023\/02\/17\/esperanza\/#article","isPartOf":{"@id":"https:\/\/riveravivanco.com\/index.php\/2023\/02\/17\/esperanza\/"},"author":{"name":"Franco","@id":"https:\/\/riveravivanco.com\/#\/schema\/person\/76b54487a0c53b05a9cf9d7d97a57c1a"},"headline":"ESPERANZA","datePublished":"2023-02-17T23:54:04+00:00","dateModified":"2023-02-27T19:37:52+00:00","mainEntityOfPage":{"@id":"https:\/\/riveravivanco.com\/index.php\/2023\/02\/17\/esperanza\/"},"wordCount":468,"commentCount":0,"publisher":{"@id":"https:\/\/riveravivanco.com\/#organization"},"articleSection":["resumen cultural 4"],"inLanguage":"en-US","potentialAction":[{"@type":"CommentAction","name":"Comment","target":["https:\/\/riveravivanco.com\/index.php\/2023\/02\/17\/esperanza\/#respond"]}]},{"@type":"WebPage","@id":"https:\/\/riveravivanco.com\/index.php\/2023\/02\/17\/esperanza\/","url":"https:\/\/riveravivanco.com\/index.php\/2023\/02\/17\/esperanza\/","name":"ESPERANZA | Mujer Transformadora","isPartOf":{"@id":"https:\/\/riveravivanco.com\/#website"},"datePublished":"2023-02-17T23:54:04+00:00","dateModified":"2023-02-27T19:37:52+00:00","breadcrumb":{"@id":"https:\/\/riveravivanco.com\/index.php\/2023\/02\/17\/esperanza\/#breadcrumb"},"inLanguage":"en-US","potentialAction":[{"@type":"ReadAction","target":["https:\/\/riveravivanco.com\/index.php\/2023\/02\/17\/esperanza\/"]}]},{"@type":"BreadcrumbList","@id":"https:\/\/riveravivanco.com\/index.php\/2023\/02\/17\/esperanza\/#breadcrumb","itemListElement":[{"@type":"ListItem","position":1,"name":"Home","item":"https:\/\/riveravivanco.com\/"},{"@type":"ListItem","position":2,"name":"ESPERANZA"}]},{"@type":"WebSite","@id":"https:\/\/riveravivanco.com\/#website","url":"https:\/\/riveravivanco.com\/","name":"Mujer Transformadora","description":"#Mujer Transformadora es el espacio de las mujeres poblanas y de todos aquellos que compartimos sus causas, sin importar edad, sexo o condici\u00f3n social.","publisher":{"@id":"https:\/\/riveravivanco.com\/#organization"},"alternateName":"Mujer Transformadora","potentialAction":[{"@type":"SearchAction","target":{"@type":"EntryPoint","urlTemplate":"https:\/\/riveravivanco.com\/?s={search_term_string}"},"query-input":"required name=search_term_string"}],"inLanguage":"en-US"},{"@type":"Organization","@id":"https:\/\/riveravivanco.com\/#organization","name":"Mujer Transformadora","alternateName":"Mujer Transformadora","url":"https:\/\/riveravivanco.com\/","logo":{"@type":"ImageObject","inLanguage":"en-US","@id":"https:\/\/riveravivanco.com\/#\/schema\/logo\/image\/","url":"https:\/\/riveravivanco.com\/wp-content\/uploads\/2023\/02\/cropped-MT2.png","contentUrl":"https:\/\/riveravivanco.com\/wp-content\/uploads\/2023\/02\/cropped-MT2.png","width":512,"height":512,"caption":"Mujer Transformadora"},"image":{"@id":"https:\/\/riveravivanco.com\/#\/schema\/logo\/image\/"},"sameAs":["https:\/\/www.facebook.com\/ClauRiveraVivanco","https:\/\/twitter.com\/RiveraVivanco_","https:\/\/www.instagram.com\/riveravivanco_\/","https:\/\/www.tiktok.com\/@riveravivanco","https:\/\/www.youtube.com\/@RiveraVivanco"]},{"@type":"Person","@id":"https:\/\/riveravivanco.com\/#\/schema\/person\/76b54487a0c53b05a9cf9d7d97a57c1a","name":"Franco","image":{"@type":"ImageObject","inLanguage":"en-US","@id":"https:\/\/riveravivanco.com\/#\/schema\/person\/image\/","url":"https:\/\/secure.gravatar.com\/avatar\/e6ee2d030a6430d97a80d605a81453f3?s=96&d=mm&r=g","contentUrl":"https:\/\/secure.gravatar.com\/avatar\/e6ee2d030a6430d97a80d605a81453f3?s=96&d=mm&r=g","caption":"Franco"},"url":"https:\/\/riveravivanco.com\/index.php\/author\/frank\/"}]}},"_links":{"self":[{"href":"https:\/\/riveravivanco.com\/index.php\/wp-json\/wp\/v2\/posts\/887"}],"collection":[{"href":"https:\/\/riveravivanco.com\/index.php\/wp-json\/wp\/v2\/posts"}],"about":[{"href":"https:\/\/riveravivanco.com\/index.php\/wp-json\/wp\/v2\/types\/post"}],"author":[{"embeddable":true,"href":"https:\/\/riveravivanco.com\/index.php\/wp-json\/wp\/v2\/users\/3"}],"replies":[{"embeddable":true,"href":"https:\/\/riveravivanco.com\/index.php\/wp-json\/wp\/v2\/comments?post=887"}],"version-history":[{"count":0,"href":"https:\/\/riveravivanco.com\/index.php\/wp-json\/wp\/v2\/posts\/887\/revisions"}],"wp:featuredmedia":[{"embeddable":true,"href":"https:\/\/riveravivanco.com\/index.php\/wp-json\/wp\/v2\/media\/829"}],"wp:attachment":[{"href":"https:\/\/riveravivanco.com\/index.php\/wp-json\/wp\/v2\/media?parent=887"}],"wp:term":[{"taxonomy":"category","embeddable":true,"href":"https:\/\/riveravivanco.com\/index.php\/wp-json\/wp\/v2\/categories?post=887"},{"taxonomy":"post_tag","embeddable":true,"href":"https:\/\/riveravivanco.com\/index.php\/wp-json\/wp\/v2\/tags?post=887"}],"curies":[{"name":"wp","href":"https:\/\/api.w.org\/{rel}","templated":true}]}}