{"id":868,"date":"2023-02-17T23:38:05","date_gmt":"2023-02-17T23:38:05","guid":{"rendered":"https:\/\/riveravivanco.com\/?p=868"},"modified":"2023-02-27T19:39:20","modified_gmt":"2023-02-27T19:39:20","slug":"rafael-lara-grajales-2","status":"publish","type":"post","link":"https:\/\/riveravivanco.com\/index.php\/2023\/02\/17\/rafael-lara-grajales-2\/","title":{"rendered":"RAFAEL LARA GRAJALES"},"content":{"rendered":"\n<p><strong>Municipio:<\/strong> Rafael Lara Grajales<\/p>\n\n\n\n<p><strong>Poblaci\u00f3n:<\/strong> 15,952<\/p>\n\n\n\n<p><strong>Etimolog\u00eda:<\/strong> El jerogl\u00edfico de la antigua poblaci\u00f3n de Xalixtlahuacan, se forma de las ra\u00edces nahuas &#8220;xall\u00ed&#8221;, arena; &#8220;ixtlahuahl&#8221;, llanuras y &#8220;can&#8221;, lugar, que significa &#8220;lugar arenoso y llano&#8221;.<\/p>\n\n\n\n<p><strong>Datos Curiosos\/ Historia:<\/strong><\/p>\n\n\n\n<p><strong>Prehisp\u00e1nica<\/strong><\/p>\n\n\n\n<p>Se han encontrado entre los sembrad\u00edos vasijas y figuras ornamentales de barro (que los pobladores han destruido) por lo que se presumen asentamientos prehisp\u00e1nicos, hubo asentamientos humanos de grupos nahuas, en el siglo XV fueron sometidos por la triple alianza, se le conoc\u00eda como Xalistlahuacan (del Nahuatl &#8220;Lugar llano y arenoso&#8221;). No existe certeza de un asentamiento como tal, aunque es probable que haya servido como lugar de paso para los pochtecatl mexicas, en sus viajes hacia el este.<\/p>\n\n\n\n<p><strong>Siglo XIX<\/strong> <\/p>\n\n\n\n<p>Es a partir de las postrimetr\u00edas del siglo XIX con la construcci\u00f3n de la l\u00ednea de Ferrocarril Mexicano (M\u00e9xico &#8211; Veracruz) cuando se establece una estaci\u00f3n llamada San Marcos, (Por la cercan\u00eda que exist\u00eda con la antigua Hacienda de San Marcos), que se establece un asentamiento importante a consecuencia del inicio de las operaciones del ferrocarril, comienza la llegada de los primeros pobladores, aparte de los que ya exist\u00edan en la Hacienda, estos empiezan a habitar las primeras casas que fueron construidas. A\u00f1os despu\u00e9s ser\u00eda construida una l\u00ednea m\u00e1s que comunicar\u00eda la Ciudad de Puebla con la Ciudad de Xalapa, Veracruz, con lo que se fundar\u00eda un pueblo llamado inicialmente San Marcos.<\/p>\n\n\n\n<p><strong>Revoluci\u00f3n mexicana<\/strong><\/p>\n\n\n\n<p>Durante el lapso de la Revoluci\u00f3n Mexicana debido a su ubicaci\u00f3n estrat\u00e9gica sirve de paso a los ej\u00e9rcitos Revolucionarios por la facilidad que exist\u00eda de transporte de tropas y suministros a trav\u00e9s de los ramales ferroviarios que exist\u00edan en el lugar.<\/p>\n\n\n\n<p><strong>Establecimiento como municipio<\/strong><\/p>\n\n\n\n<p>El 24 de marzo de 1922 fue fundada formalmente la localidad de San Marcos, que posteriormente fue rebautizada como Villa Central. El 11 de septiembre de 1936 la demarcaci\u00f3n se establece como municipio libre, adoptando el nombre de Rafael Lara Grajales en honor al general revolucionario y diputado, oriundo de la regi\u00f3n y asesinado en 1933. La localidad de Villa Central fue establecida como cabecera municipal y renombrada en tributo al mismo personaje.<\/p>\n\n\n\n<p><strong>Datos<\/strong><\/p>\n\n\n\n<p>Se celebra el 25 de abril en honor al santo patr\u00f3n del lugar San Marcos; las fiestas patrias d\u00edas 15 y 16 de septiembre.<\/p>\n\n\n\n<p>Se realizan todo tipo de artesan\u00eda como: &nbsp;manteles, cortinas y tapizado de muebles.<\/p>\n\n\n\n<p><strong>Gastronom\u00eda:<\/strong><\/p>\n\n\n\n<p>Entre sus platillos m\u00e1s tradicionales se encuentran el mole poblano y los chiles en vinagre; dulce de tejocote y el pulque curado.<\/p>\n\n\n\n<p><strong><strong>RESPONSABLE<\/strong>: PAMELA GALINDO<\/strong><\/p>\n","protected":false},"excerpt":{"rendered":"<p>Municipio: Rafael Lara Grajales Poblaci\u00f3n: 15,952 Etimolog\u00eda: El jerogl\u00edfico de la antigua poblaci\u00f3n de Xalixtlahuacan, se forma de las ra\u00edces nahuas &#8220;xall\u00ed&#8221;, arena; &#8220;ixtlahuahl&#8221;, llanuras y &#8220;can&#8221;, lugar, que significa &#8220;lugar arenoso y llano&#8221;. Datos Curiosos\/ Historia: Prehisp\u00e1nica Se han encontrado entre los sembrad\u00edos vasijas y figuras ornamentales de barro (que los pobladores han destruido) [&hellip;]<\/p>\n","protected":false},"author":3,"featured_media":829,"comment_status":"open","ping_status":"open","sticky":false,"template":"","format":"standard","meta":{"footnotes":""},"categories":[5],"tags":[],"yoast_head":"<!-- This site is optimized with the Yoast SEO Premium plugin v20.1 (Yoast SEO v20.10) - https:\/\/yoast.com\/wordpress\/plugins\/seo\/ -->\n<title>RAFAEL LARA GRAJALES | Mujer Transformadora<\/title>\n<meta name=\"robots\" content=\"index, follow, max-snippet:-1, max-image-preview:large, max-video-preview:-1\" \/>\n<link rel=\"canonical\" href=\"https:\/\/riveravivanco.com\/index.php\/2023\/02\/17\/rafael-lara-grajales-2\/\" \/>\n<meta property=\"og:locale\" content=\"en_US\" \/>\n<meta property=\"og:type\" content=\"article\" \/>\n<meta property=\"og:title\" content=\"RAFAEL LARA GRAJALES\" \/>\n<meta property=\"og:description\" content=\"Municipio: Rafael Lara Grajales Poblaci\u00f3n: 15,952 Etimolog\u00eda: El jerogl\u00edfico de la antigua poblaci\u00f3n de Xalixtlahuacan, se forma de las ra\u00edces nahuas &#8220;xall\u00ed&#8221;, arena; &#8220;ixtlahuahl&#8221;, llanuras y &#8220;can&#8221;, lugar, que significa &#8220;lugar arenoso y llano&#8221;. Datos Curiosos\/ Historia: Prehisp\u00e1nica Se han encontrado entre los sembrad\u00edos vasijas y figuras ornamentales de barro (que los pobladores han destruido) [&hellip;]\" \/>\n<meta property=\"og:url\" content=\"https:\/\/riveravivanco.com\/index.php\/2023\/02\/17\/rafael-lara-grajales-2\/\" \/>\n<meta property=\"og:site_name\" content=\"Mujer Transformadora\" \/>\n<meta property=\"article:publisher\" content=\"https:\/\/www.facebook.com\/ClauRiveraVivanco\" \/>\n<meta property=\"article:published_time\" content=\"2023-02-17T23:38:05+00:00\" \/>\n<meta property=\"article:modified_time\" content=\"2023-02-27T19:39:20+00:00\" \/>\n<meta property=\"og:image\" content=\"https:\/\/riveravivanco.com\/wp-content\/uploads\/2023\/02\/UB-1.png\" \/>\n\t<meta property=\"og:image:width\" content=\"33\" \/>\n\t<meta property=\"og:image:height\" content=\"37\" \/>\n\t<meta property=\"og:image:type\" content=\"image\/png\" \/>\n<meta name=\"author\" content=\"Franco\" \/>\n<meta name=\"twitter:card\" content=\"summary_large_image\" \/>\n<meta name=\"twitter:creator\" content=\"@RiveraVivanco_\" \/>\n<meta name=\"twitter:site\" content=\"@RiveraVivanco_\" \/>\n<meta name=\"twitter:label1\" content=\"Written by\" \/>\n\t<meta name=\"twitter:data1\" content=\"Franco\" \/>\n\t<meta name=\"twitter:label2\" content=\"Est. reading time\" \/>\n\t<meta name=\"twitter:data2\" content=\"2 minutes\" \/>\n<script type=\"application\/ld+json\" class=\"yoast-schema-graph\">{\"@context\":\"https:\/\/schema.org\",\"@graph\":[{\"@type\":\"Article\",\"@id\":\"https:\/\/riveravivanco.com\/index.php\/2023\/02\/17\/rafael-lara-grajales-2\/#article\",\"isPartOf\":{\"@id\":\"https:\/\/riveravivanco.com\/index.php\/2023\/02\/17\/rafael-lara-grajales-2\/\"},\"author\":{\"name\":\"Franco\",\"@id\":\"https:\/\/riveravivanco.com\/#\/schema\/person\/76b54487a0c53b05a9cf9d7d97a57c1a\"},\"headline\":\"RAFAEL LARA GRAJALES\",\"datePublished\":\"2023-02-17T23:38:05+00:00\",\"dateModified\":\"2023-02-27T19:39:20+00:00\",\"mainEntityOfPage\":{\"@id\":\"https:\/\/riveravivanco.com\/index.php\/2023\/02\/17\/rafael-lara-grajales-2\/\"},\"wordCount\":448,\"commentCount\":0,\"publisher\":{\"@id\":\"https:\/\/riveravivanco.com\/#organization\"},\"articleSection\":[\"resumen cultural 4\"],\"inLanguage\":\"en-US\",\"potentialAction\":[{\"@type\":\"CommentAction\",\"name\":\"Comment\",\"target\":[\"https:\/\/riveravivanco.com\/index.php\/2023\/02\/17\/rafael-lara-grajales-2\/#respond\"]}]},{\"@type\":\"WebPage\",\"@id\":\"https:\/\/riveravivanco.com\/index.php\/2023\/02\/17\/rafael-lara-grajales-2\/\",\"url\":\"https:\/\/riveravivanco.com\/index.php\/2023\/02\/17\/rafael-lara-grajales-2\/\",\"name\":\"RAFAEL LARA GRAJALES | Mujer Transformadora\",\"isPartOf\":{\"@id\":\"https:\/\/riveravivanco.com\/#website\"},\"datePublished\":\"2023-02-17T23:38:05+00:00\",\"dateModified\":\"2023-02-27T19:39:20+00:00\",\"breadcrumb\":{\"@id\":\"https:\/\/riveravivanco.com\/index.php\/2023\/02\/17\/rafael-lara-grajales-2\/#breadcrumb\"},\"inLanguage\":\"en-US\",\"potentialAction\":[{\"@type\":\"ReadAction\",\"target\":[\"https:\/\/riveravivanco.com\/index.php\/2023\/02\/17\/rafael-lara-grajales-2\/\"]}]},{\"@type\":\"BreadcrumbList\",\"@id\":\"https:\/\/riveravivanco.com\/index.php\/2023\/02\/17\/rafael-lara-grajales-2\/#breadcrumb\",\"itemListElement\":[{\"@type\":\"ListItem\",\"position\":1,\"name\":\"Home\",\"item\":\"https:\/\/riveravivanco.com\/\"},{\"@type\":\"ListItem\",\"position\":2,\"name\":\"RAFAEL LARA GRAJALES\"}]},{\"@type\":\"WebSite\",\"@id\":\"https:\/\/riveravivanco.com\/#website\",\"url\":\"https:\/\/riveravivanco.com\/\",\"name\":\"Mujer Transformadora\",\"description\":\"#Mujer Transformadora es el espacio de las mujeres poblanas y de todos aquellos que compartimos sus causas, sin importar edad, sexo o condici\u00f3n social.\",\"publisher\":{\"@id\":\"https:\/\/riveravivanco.com\/#organization\"},\"alternateName\":\"Mujer Transformadora\",\"potentialAction\":[{\"@type\":\"SearchAction\",\"target\":{\"@type\":\"EntryPoint\",\"urlTemplate\":\"https:\/\/riveravivanco.com\/?s={search_term_string}\"},\"query-input\":\"required name=search_term_string\"}],\"inLanguage\":\"en-US\"},{\"@type\":\"Organization\",\"@id\":\"https:\/\/riveravivanco.com\/#organization\",\"name\":\"Mujer Transformadora\",\"alternateName\":\"Mujer Transformadora\",\"url\":\"https:\/\/riveravivanco.com\/\",\"logo\":{\"@type\":\"ImageObject\",\"inLanguage\":\"en-US\",\"@id\":\"https:\/\/riveravivanco.com\/#\/schema\/logo\/image\/\",\"url\":\"https:\/\/riveravivanco.com\/wp-content\/uploads\/2023\/02\/cropped-MT2.png\",\"contentUrl\":\"https:\/\/riveravivanco.com\/wp-content\/uploads\/2023\/02\/cropped-MT2.png\",\"width\":512,\"height\":512,\"caption\":\"Mujer Transformadora\"},\"image\":{\"@id\":\"https:\/\/riveravivanco.com\/#\/schema\/logo\/image\/\"},\"sameAs\":[\"https:\/\/www.facebook.com\/ClauRiveraVivanco\",\"https:\/\/twitter.com\/RiveraVivanco_\",\"https:\/\/www.instagram.com\/riveravivanco_\/\",\"https:\/\/www.tiktok.com\/@riveravivanco\",\"https:\/\/www.youtube.com\/@RiveraVivanco\"]},{\"@type\":\"Person\",\"@id\":\"https:\/\/riveravivanco.com\/#\/schema\/person\/76b54487a0c53b05a9cf9d7d97a57c1a\",\"name\":\"Franco\",\"image\":{\"@type\":\"ImageObject\",\"inLanguage\":\"en-US\",\"@id\":\"https:\/\/riveravivanco.com\/#\/schema\/person\/image\/\",\"url\":\"https:\/\/secure.gravatar.com\/avatar\/e6ee2d030a6430d97a80d605a81453f3?s=96&d=mm&r=g\",\"contentUrl\":\"https:\/\/secure.gravatar.com\/avatar\/e6ee2d030a6430d97a80d605a81453f3?s=96&d=mm&r=g\",\"caption\":\"Franco\"},\"url\":\"https:\/\/riveravivanco.com\/index.php\/author\/frank\/\"}]}<\/script>\n<!-- \/ Yoast SEO Premium plugin. -->","yoast_head_json":{"title":"RAFAEL LARA GRAJALES | Mujer Transformadora","robots":{"index":"index","follow":"follow","max-snippet":"max-snippet:-1","max-image-preview":"max-image-preview:large","max-video-preview":"max-video-preview:-1"},"canonical":"https:\/\/riveravivanco.com\/index.php\/2023\/02\/17\/rafael-lara-grajales-2\/","og_locale":"en_US","og_type":"article","og_title":"RAFAEL LARA GRAJALES","og_description":"Municipio: Rafael Lara Grajales Poblaci\u00f3n: 15,952 Etimolog\u00eda: El jerogl\u00edfico de la antigua poblaci\u00f3n de Xalixtlahuacan, se forma de las ra\u00edces nahuas &#8220;xall\u00ed&#8221;, arena; &#8220;ixtlahuahl&#8221;, llanuras y &#8220;can&#8221;, lugar, que significa &#8220;lugar arenoso y llano&#8221;. Datos Curiosos\/ Historia: Prehisp\u00e1nica Se han encontrado entre los sembrad\u00edos vasijas y figuras ornamentales de barro (que los pobladores han destruido) [&hellip;]","og_url":"https:\/\/riveravivanco.com\/index.php\/2023\/02\/17\/rafael-lara-grajales-2\/","og_site_name":"Mujer Transformadora","article_publisher":"https:\/\/www.facebook.com\/ClauRiveraVivanco","article_published_time":"2023-02-17T23:38:05+00:00","article_modified_time":"2023-02-27T19:39:20+00:00","og_image":[{"width":33,"height":37,"url":"https:\/\/riveravivanco.com\/wp-content\/uploads\/2023\/02\/UB-1.png","type":"image\/png"}],"author":"Franco","twitter_card":"summary_large_image","twitter_creator":"@RiveraVivanco_","twitter_site":"@RiveraVivanco_","twitter_misc":{"Written by":"Franco","Est. reading time":"2 minutes"},"schema":{"@context":"https:\/\/schema.org","@graph":[{"@type":"Article","@id":"https:\/\/riveravivanco.com\/index.php\/2023\/02\/17\/rafael-lara-grajales-2\/#article","isPartOf":{"@id":"https:\/\/riveravivanco.com\/index.php\/2023\/02\/17\/rafael-lara-grajales-2\/"},"author":{"name":"Franco","@id":"https:\/\/riveravivanco.com\/#\/schema\/person\/76b54487a0c53b05a9cf9d7d97a57c1a"},"headline":"RAFAEL LARA GRAJALES","datePublished":"2023-02-17T23:38:05+00:00","dateModified":"2023-02-27T19:39:20+00:00","mainEntityOfPage":{"@id":"https:\/\/riveravivanco.com\/index.php\/2023\/02\/17\/rafael-lara-grajales-2\/"},"wordCount":448,"commentCount":0,"publisher":{"@id":"https:\/\/riveravivanco.com\/#organization"},"articleSection":["resumen cultural 4"],"inLanguage":"en-US","potentialAction":[{"@type":"CommentAction","name":"Comment","target":["https:\/\/riveravivanco.com\/index.php\/2023\/02\/17\/rafael-lara-grajales-2\/#respond"]}]},{"@type":"WebPage","@id":"https:\/\/riveravivanco.com\/index.php\/2023\/02\/17\/rafael-lara-grajales-2\/","url":"https:\/\/riveravivanco.com\/index.php\/2023\/02\/17\/rafael-lara-grajales-2\/","name":"RAFAEL LARA GRAJALES | Mujer Transformadora","isPartOf":{"@id":"https:\/\/riveravivanco.com\/#website"},"datePublished":"2023-02-17T23:38:05+00:00","dateModified":"2023-02-27T19:39:20+00:00","breadcrumb":{"@id":"https:\/\/riveravivanco.com\/index.php\/2023\/02\/17\/rafael-lara-grajales-2\/#breadcrumb"},"inLanguage":"en-US","potentialAction":[{"@type":"ReadAction","target":["https:\/\/riveravivanco.com\/index.php\/2023\/02\/17\/rafael-lara-grajales-2\/"]}]},{"@type":"BreadcrumbList","@id":"https:\/\/riveravivanco.com\/index.php\/2023\/02\/17\/rafael-lara-grajales-2\/#breadcrumb","itemListElement":[{"@type":"ListItem","position":1,"name":"Home","item":"https:\/\/riveravivanco.com\/"},{"@type":"ListItem","position":2,"name":"RAFAEL LARA GRAJALES"}]},{"@type":"WebSite","@id":"https:\/\/riveravivanco.com\/#website","url":"https:\/\/riveravivanco.com\/","name":"Mujer Transformadora","description":"#Mujer Transformadora es el espacio de las mujeres poblanas y de todos aquellos que compartimos sus causas, sin importar edad, sexo o condici\u00f3n social.","publisher":{"@id":"https:\/\/riveravivanco.com\/#organization"},"alternateName":"Mujer Transformadora","potentialAction":[{"@type":"SearchAction","target":{"@type":"EntryPoint","urlTemplate":"https:\/\/riveravivanco.com\/?s={search_term_string}"},"query-input":"required name=search_term_string"}],"inLanguage":"en-US"},{"@type":"Organization","@id":"https:\/\/riveravivanco.com\/#organization","name":"Mujer Transformadora","alternateName":"Mujer Transformadora","url":"https:\/\/riveravivanco.com\/","logo":{"@type":"ImageObject","inLanguage":"en-US","@id":"https:\/\/riveravivanco.com\/#\/schema\/logo\/image\/","url":"https:\/\/riveravivanco.com\/wp-content\/uploads\/2023\/02\/cropped-MT2.png","contentUrl":"https:\/\/riveravivanco.com\/wp-content\/uploads\/2023\/02\/cropped-MT2.png","width":512,"height":512,"caption":"Mujer Transformadora"},"image":{"@id":"https:\/\/riveravivanco.com\/#\/schema\/logo\/image\/"},"sameAs":["https:\/\/www.facebook.com\/ClauRiveraVivanco","https:\/\/twitter.com\/RiveraVivanco_","https:\/\/www.instagram.com\/riveravivanco_\/","https:\/\/www.tiktok.com\/@riveravivanco","https:\/\/www.youtube.com\/@RiveraVivanco"]},{"@type":"Person","@id":"https:\/\/riveravivanco.com\/#\/schema\/person\/76b54487a0c53b05a9cf9d7d97a57c1a","name":"Franco","image":{"@type":"ImageObject","inLanguage":"en-US","@id":"https:\/\/riveravivanco.com\/#\/schema\/person\/image\/","url":"https:\/\/secure.gravatar.com\/avatar\/e6ee2d030a6430d97a80d605a81453f3?s=96&d=mm&r=g","contentUrl":"https:\/\/secure.gravatar.com\/avatar\/e6ee2d030a6430d97a80d605a81453f3?s=96&d=mm&r=g","caption":"Franco"},"url":"https:\/\/riveravivanco.com\/index.php\/author\/frank\/"}]}},"_links":{"self":[{"href":"https:\/\/riveravivanco.com\/index.php\/wp-json\/wp\/v2\/posts\/868"}],"collection":[{"href":"https:\/\/riveravivanco.com\/index.php\/wp-json\/wp\/v2\/posts"}],"about":[{"href":"https:\/\/riveravivanco.com\/index.php\/wp-json\/wp\/v2\/types\/post"}],"author":[{"embeddable":true,"href":"https:\/\/riveravivanco.com\/index.php\/wp-json\/wp\/v2\/users\/3"}],"replies":[{"embeddable":true,"href":"https:\/\/riveravivanco.com\/index.php\/wp-json\/wp\/v2\/comments?post=868"}],"version-history":[{"count":0,"href":"https:\/\/riveravivanco.com\/index.php\/wp-json\/wp\/v2\/posts\/868\/revisions"}],"wp:featuredmedia":[{"embeddable":true,"href":"https:\/\/riveravivanco.com\/index.php\/wp-json\/wp\/v2\/media\/829"}],"wp:attachment":[{"href":"https:\/\/riveravivanco.com\/index.php\/wp-json\/wp\/v2\/media?parent=868"}],"wp:term":[{"taxonomy":"category","embeddable":true,"href":"https:\/\/riveravivanco.com\/index.php\/wp-json\/wp\/v2\/categories?post=868"},{"taxonomy":"post_tag","embeddable":true,"href":"https:\/\/riveravivanco.com\/index.php\/wp-json\/wp\/v2\/tags?post=868"}],"curies":[{"name":"wp","href":"https:\/\/api.w.org\/{rel}","templated":true}]}}