{"id":1166,"date":"2023-03-14T23:48:18","date_gmt":"2023-03-14T23:48:18","guid":{"rendered":"https:\/\/riveravivanco.com\/?p=1166"},"modified":"2023-03-15T00:07:46","modified_gmt":"2023-03-15T00:07:46","slug":"libres","status":"publish","type":"post","link":"https:\/\/riveravivanco.com\/index.php\/2023\/03\/14\/libres\/","title":{"rendered":"LIBRES"},"content":{"rendered":"\n<p><strong>Municipio:<\/strong> Libres<\/p>\n\n\n\n<p><strong>Poblaci\u00f3n:<\/strong> 37,257<\/p>\n\n\n\n<p><strong>Etimolog\u00eda:<\/strong><\/p>\n\n\n\n<p>Originalmente este lugar <strong>se llam\u00f3 Hueytlalli<\/strong> y estuvo ocupado <strong>primero por otom\u00edes y por nahuas<\/strong>. Ha recibido a lo largo de la historia los nombres de <strong>\u00abHueytlalli\u00bb, \u00abSan Juan de los Llanos\u00bb, \u00abVilla de los Libres\u00bb<\/strong> y el actual nombre de <strong>\u00abCiudad de Libres\u00bb.<\/strong><\/p>\n\n\n\n<p><strong>Datos Curiosos\/ Historia:<\/strong><\/p>\n\n\n\n<p>Antes de la conquista de M\u00e9xico, la regi\u00f3n donde se localiza la actual ciudad de Libres era conocida con el nombre de <strong>Hueytlalli<\/strong>. Este nombre proviene del <strong>n\u00e1huatl huey,<\/strong> que significa <strong>\u00abgrande\u00bb, y tlalli<\/strong> que significa <strong>\u00abtierra\u00bb.<\/strong> <strong>Es decir, el significado es \u00abtierra grande\u00bb<\/strong> aunque bien podr\u00eda ser <strong>\u00abtierra de grandes\u00bb.<\/strong> Esta zona estaba habitada por pueblos otom\u00edes y nahuas.<\/p>\n\n\n\n<p><strong>En el a\u00f1o de 1555<\/strong> regresan los documentos firmados por la corona espa\u00f1ola donde se <strong>autoriza la fundaci\u00f3n de San Juan de los Llanos<\/strong>. Durante la colonia, esta poblaci\u00f3n fue adquiriendo importancia debido a su posici\u00f3n geogr\u00e1fica como resguardo de los comerciantes de oro y plata que se dirig\u00edan hacia Espa\u00f1a.<\/p>\n\n\n\n<p>Despu\u00e9s de la independencia de M\u00e9xico, <strong>el pueblo pas\u00f3 a formar parte del Estado de Puebla, en 1824<\/strong>. <strong>El 9 de febrero de 1860 el pueblo recibi\u00f3 el nombre de Villa de los Libres<\/strong>, debido a la ocupaci\u00f3n de las fuerzas liberales tres a\u00f1os antes por el General Miguel C\u00e1stulo de Alatriste <strong>En 1894 fue constituido como municipio libre.<\/strong><\/p>\n\n\n\n<p><strong>El 22 de noviembre de 1989 recibi\u00f3 la categor\u00eda de ciudad<\/strong>, por lo que a partir de entonces cambi\u00f3 su nombre a <strong>Ciudad de Libres<\/strong>.<\/p>\n\n\n\n<p><strong>Belleza arquitect\u00f3nica<\/strong><\/p>\n\n\n\n<p>Un monumento hist\u00f3rico importante del municipio es el <strong>templo de San Juan Bautista de los Llanos<\/strong>, ubicado en la cabecera municipal. <strong>Este templo, de estilo barroco, data del siglo XVIII<\/strong>, aunque no se tiene la fecha exacta de su edificaci\u00f3n. <strong>En el interior<\/strong> del mismo se encuentra un retablo de <strong>estilo barroco<\/strong> elaborado con madera de cipr\u00e9s. Por una nota que escribi\u00f3 el Sr. cura D. Ambrosio sabemos que el 9 de abril de 1876 el Gral. Villagr\u00e1n atac\u00f3 la plaza defendida por el coronel Rafael Zarre, entrando causando la muerte de muchos. Se cuenta que incendi\u00f3 la puerta principal los 4 altares, la fundici\u00f3n del \u00f3rgano, y la calcinaci\u00f3n de la b\u00f3veda del coro y de uno de los arcos. Los espacios se llenaron con 4 altares de estilo Rom\u00e1nico, el tercer altar est\u00e1 dedicado a la Virgen de Guadalupe decorado con hoja de oro.<\/p>\n\n\n\n<p><strong>El pante\u00f3n municipal otra monumental obra arquitect\u00f3nica de 1896<\/strong>, <strong>con 100 a\u00f1os de existencia.<\/strong><\/p>\n\n\n\n<p>El Palacio Municipal otra expresi\u00f3n de la arquitectura colonial.<\/p>\n\n\n\n<p><strong>Centros tur\u00edsticos:<\/strong><\/p>\n\n\n\n<p>El municipio cuenta con atractivos tur\u00edsticos como <strong>las pinturas rupestres prehisp\u00e1nicas<\/strong> <strong>que cuentan con m\u00e1s de 12 mil a\u00f1os.<\/strong><\/p>\n\n\n\n<p><strong>El balneario Los Arcos<\/strong> se encuentra en el Barrio de San Miguel<\/p>\n\n\n\n<p><strong>La Ciudad de los Mu\u00f1ecos<\/strong> conocida como Caltami en Rancho Viejo<\/p>\n\n\n\n<p><strong>Los Arcos que fue un acueducto que abastec\u00eda al pueblo de Libres<\/strong>, construido en la \u00e9poca colonial.<\/p>\n\n\n\n<p><strong>Gastronom\u00eda:<\/strong><\/p>\n\n\n\n<p>Alimentos: Barbacoa de cordero, guisados de haba, tamales, chileatole y mole poblano.<\/p>\n\n\n\n<p>Dulces: Conserva de manzana, de tejocote y dulce de calabaza.<\/p>\n\n\n\n<p>Bebidas: El pulque.<\/p>\n","protected":false},"excerpt":{"rendered":"<p>Municipio: Libres Poblaci\u00f3n: 37,257 Etimolog\u00eda: Originalmente este lugar se llam\u00f3 Hueytlalli y estuvo ocupado primero por otom\u00edes y por nahuas. Ha recibido a lo largo de la historia los nombres de \u00abHueytlalli\u00bb, \u00abSan Juan de los Llanos\u00bb, \u00abVilla de los Libres\u00bb y el actual nombre de \u00abCiudad de Libres\u00bb. Datos Curiosos\/ Historia: Antes de la [&hellip;]<\/p>\n","protected":false},"author":3,"featured_media":0,"comment_status":"open","ping_status":"open","sticky":false,"template":"","format":"standard","meta":{"footnotes":""},"categories":[10],"tags":[],"yoast_head":"<!-- This site is optimized with the Yoast SEO Premium plugin v20.1 (Yoast SEO v20.10) - https:\/\/yoast.com\/wordpress\/plugins\/seo\/ -->\n<title>LIBRES | Mujer Transformadora<\/title>\n<meta name=\"robots\" content=\"index, follow, max-snippet:-1, max-image-preview:large, max-video-preview:-1\" \/>\n<link rel=\"canonical\" href=\"https:\/\/riveravivanco.com\/index.php\/2023\/03\/14\/libres\/\" \/>\n<meta property=\"og:locale\" content=\"en_US\" \/>\n<meta property=\"og:type\" content=\"article\" \/>\n<meta property=\"og:title\" content=\"LIBRES\" \/>\n<meta property=\"og:description\" content=\"Municipio: Libres Poblaci\u00f3n: 37,257 Etimolog\u00eda: Originalmente este lugar se llam\u00f3 Hueytlalli y estuvo ocupado primero por otom\u00edes y por nahuas. Ha recibido a lo largo de la historia los nombres de \u00abHueytlalli\u00bb, \u00abSan Juan de los Llanos\u00bb, \u00abVilla de los Libres\u00bb y el actual nombre de \u00abCiudad de Libres\u00bb. Datos Curiosos\/ Historia: Antes de la [&hellip;]\" \/>\n<meta property=\"og:url\" content=\"https:\/\/riveravivanco.com\/index.php\/2023\/03\/14\/libres\/\" \/>\n<meta property=\"og:site_name\" content=\"Mujer Transformadora\" \/>\n<meta property=\"article:publisher\" content=\"https:\/\/www.facebook.com\/ClauRiveraVivanco\" \/>\n<meta property=\"article:published_time\" content=\"2023-03-14T23:48:18+00:00\" \/>\n<meta property=\"article:modified_time\" content=\"2023-03-15T00:07:46+00:00\" \/>\n<meta property=\"og:image\" content=\"https:\/\/riveravivanco.com\/wp-content\/uploads\/2023\/02\/MT2.png\" \/>\n\t<meta property=\"og:image:width\" content=\"721\" \/>\n\t<meta property=\"og:image:height\" content=\"721\" \/>\n\t<meta property=\"og:image:type\" content=\"image\/png\" \/>\n<meta name=\"author\" content=\"Franco\" \/>\n<meta name=\"twitter:card\" content=\"summary_large_image\" \/>\n<meta name=\"twitter:creator\" content=\"@RiveraVivanco_\" \/>\n<meta name=\"twitter:site\" content=\"@RiveraVivanco_\" \/>\n<meta name=\"twitter:label1\" content=\"Written by\" \/>\n\t<meta name=\"twitter:data1\" content=\"Franco\" \/>\n\t<meta name=\"twitter:label2\" content=\"Est. reading time\" \/>\n\t<meta name=\"twitter:data2\" content=\"3 minutes\" \/>\n<script type=\"application\/ld+json\" class=\"yoast-schema-graph\">{\"@context\":\"https:\/\/schema.org\",\"@graph\":[{\"@type\":\"Article\",\"@id\":\"https:\/\/riveravivanco.com\/index.php\/2023\/03\/14\/libres\/#article\",\"isPartOf\":{\"@id\":\"https:\/\/riveravivanco.com\/index.php\/2023\/03\/14\/libres\/\"},\"author\":{\"name\":\"Franco\",\"@id\":\"https:\/\/riveravivanco.com\/#\/schema\/person\/76b54487a0c53b05a9cf9d7d97a57c1a\"},\"headline\":\"LIBRES\",\"datePublished\":\"2023-03-14T23:48:18+00:00\",\"dateModified\":\"2023-03-15T00:07:46+00:00\",\"mainEntityOfPage\":{\"@id\":\"https:\/\/riveravivanco.com\/index.php\/2023\/03\/14\/libres\/\"},\"wordCount\":534,\"commentCount\":0,\"publisher\":{\"@id\":\"https:\/\/riveravivanco.com\/#organization\"},\"articleSection\":[\"resumen cultural 7\"],\"inLanguage\":\"en-US\",\"potentialAction\":[{\"@type\":\"CommentAction\",\"name\":\"Comment\",\"target\":[\"https:\/\/riveravivanco.com\/index.php\/2023\/03\/14\/libres\/#respond\"]}]},{\"@type\":\"WebPage\",\"@id\":\"https:\/\/riveravivanco.com\/index.php\/2023\/03\/14\/libres\/\",\"url\":\"https:\/\/riveravivanco.com\/index.php\/2023\/03\/14\/libres\/\",\"name\":\"LIBRES | Mujer Transformadora\",\"isPartOf\":{\"@id\":\"https:\/\/riveravivanco.com\/#website\"},\"datePublished\":\"2023-03-14T23:48:18+00:00\",\"dateModified\":\"2023-03-15T00:07:46+00:00\",\"breadcrumb\":{\"@id\":\"https:\/\/riveravivanco.com\/index.php\/2023\/03\/14\/libres\/#breadcrumb\"},\"inLanguage\":\"en-US\",\"potentialAction\":[{\"@type\":\"ReadAction\",\"target\":[\"https:\/\/riveravivanco.com\/index.php\/2023\/03\/14\/libres\/\"]}]},{\"@type\":\"BreadcrumbList\",\"@id\":\"https:\/\/riveravivanco.com\/index.php\/2023\/03\/14\/libres\/#breadcrumb\",\"itemListElement\":[{\"@type\":\"ListItem\",\"position\":1,\"name\":\"Home\",\"item\":\"https:\/\/riveravivanco.com\/\"},{\"@type\":\"ListItem\",\"position\":2,\"name\":\"LIBRES\"}]},{\"@type\":\"WebSite\",\"@id\":\"https:\/\/riveravivanco.com\/#website\",\"url\":\"https:\/\/riveravivanco.com\/\",\"name\":\"Mujer Transformadora\",\"description\":\"#Mujer Transformadora es el espacio de las mujeres poblanas y de todos aquellos que compartimos sus causas, sin importar edad, sexo o condici\u00f3n social.\",\"publisher\":{\"@id\":\"https:\/\/riveravivanco.com\/#organization\"},\"alternateName\":\"Mujer Transformadora\",\"potentialAction\":[{\"@type\":\"SearchAction\",\"target\":{\"@type\":\"EntryPoint\",\"urlTemplate\":\"https:\/\/riveravivanco.com\/?s={search_term_string}\"},\"query-input\":\"required name=search_term_string\"}],\"inLanguage\":\"en-US\"},{\"@type\":\"Organization\",\"@id\":\"https:\/\/riveravivanco.com\/#organization\",\"name\":\"Mujer Transformadora\",\"alternateName\":\"Mujer Transformadora\",\"url\":\"https:\/\/riveravivanco.com\/\",\"logo\":{\"@type\":\"ImageObject\",\"inLanguage\":\"en-US\",\"@id\":\"https:\/\/riveravivanco.com\/#\/schema\/logo\/image\/\",\"url\":\"https:\/\/riveravivanco.com\/wp-content\/uploads\/2023\/02\/cropped-MT2.png\",\"contentUrl\":\"https:\/\/riveravivanco.com\/wp-content\/uploads\/2023\/02\/cropped-MT2.png\",\"width\":512,\"height\":512,\"caption\":\"Mujer Transformadora\"},\"image\":{\"@id\":\"https:\/\/riveravivanco.com\/#\/schema\/logo\/image\/\"},\"sameAs\":[\"https:\/\/www.facebook.com\/ClauRiveraVivanco\",\"https:\/\/twitter.com\/RiveraVivanco_\",\"https:\/\/www.instagram.com\/riveravivanco_\/\",\"https:\/\/www.tiktok.com\/@riveravivanco\",\"https:\/\/www.youtube.com\/@RiveraVivanco\"]},{\"@type\":\"Person\",\"@id\":\"https:\/\/riveravivanco.com\/#\/schema\/person\/76b54487a0c53b05a9cf9d7d97a57c1a\",\"name\":\"Franco\",\"image\":{\"@type\":\"ImageObject\",\"inLanguage\":\"en-US\",\"@id\":\"https:\/\/riveravivanco.com\/#\/schema\/person\/image\/\",\"url\":\"https:\/\/secure.gravatar.com\/avatar\/e6ee2d030a6430d97a80d605a81453f3?s=96&d=mm&r=g\",\"contentUrl\":\"https:\/\/secure.gravatar.com\/avatar\/e6ee2d030a6430d97a80d605a81453f3?s=96&d=mm&r=g\",\"caption\":\"Franco\"},\"url\":\"https:\/\/riveravivanco.com\/index.php\/author\/frank\/\"}]}<\/script>\n<!-- \/ Yoast SEO Premium plugin. -->","yoast_head_json":{"title":"LIBRES | Mujer Transformadora","robots":{"index":"index","follow":"follow","max-snippet":"max-snippet:-1","max-image-preview":"max-image-preview:large","max-video-preview":"max-video-preview:-1"},"canonical":"https:\/\/riveravivanco.com\/index.php\/2023\/03\/14\/libres\/","og_locale":"en_US","og_type":"article","og_title":"LIBRES","og_description":"Municipio: Libres Poblaci\u00f3n: 37,257 Etimolog\u00eda: Originalmente este lugar se llam\u00f3 Hueytlalli y estuvo ocupado primero por otom\u00edes y por nahuas. Ha recibido a lo largo de la historia los nombres de \u00abHueytlalli\u00bb, \u00abSan Juan de los Llanos\u00bb, \u00abVilla de los Libres\u00bb y el actual nombre de \u00abCiudad de Libres\u00bb. Datos Curiosos\/ Historia: Antes de la [&hellip;]","og_url":"https:\/\/riveravivanco.com\/index.php\/2023\/03\/14\/libres\/","og_site_name":"Mujer Transformadora","article_publisher":"https:\/\/www.facebook.com\/ClauRiveraVivanco","article_published_time":"2023-03-14T23:48:18+00:00","article_modified_time":"2023-03-15T00:07:46+00:00","og_image":[{"width":721,"height":721,"url":"https:\/\/riveravivanco.com\/wp-content\/uploads\/2023\/02\/MT2.png","type":"image\/png"}],"author":"Franco","twitter_card":"summary_large_image","twitter_creator":"@RiveraVivanco_","twitter_site":"@RiveraVivanco_","twitter_misc":{"Written by":"Franco","Est. reading time":"3 minutes"},"schema":{"@context":"https:\/\/schema.org","@graph":[{"@type":"Article","@id":"https:\/\/riveravivanco.com\/index.php\/2023\/03\/14\/libres\/#article","isPartOf":{"@id":"https:\/\/riveravivanco.com\/index.php\/2023\/03\/14\/libres\/"},"author":{"name":"Franco","@id":"https:\/\/riveravivanco.com\/#\/schema\/person\/76b54487a0c53b05a9cf9d7d97a57c1a"},"headline":"LIBRES","datePublished":"2023-03-14T23:48:18+00:00","dateModified":"2023-03-15T00:07:46+00:00","mainEntityOfPage":{"@id":"https:\/\/riveravivanco.com\/index.php\/2023\/03\/14\/libres\/"},"wordCount":534,"commentCount":0,"publisher":{"@id":"https:\/\/riveravivanco.com\/#organization"},"articleSection":["resumen cultural 7"],"inLanguage":"en-US","potentialAction":[{"@type":"CommentAction","name":"Comment","target":["https:\/\/riveravivanco.com\/index.php\/2023\/03\/14\/libres\/#respond"]}]},{"@type":"WebPage","@id":"https:\/\/riveravivanco.com\/index.php\/2023\/03\/14\/libres\/","url":"https:\/\/riveravivanco.com\/index.php\/2023\/03\/14\/libres\/","name":"LIBRES | Mujer Transformadora","isPartOf":{"@id":"https:\/\/riveravivanco.com\/#website"},"datePublished":"2023-03-14T23:48:18+00:00","dateModified":"2023-03-15T00:07:46+00:00","breadcrumb":{"@id":"https:\/\/riveravivanco.com\/index.php\/2023\/03\/14\/libres\/#breadcrumb"},"inLanguage":"en-US","potentialAction":[{"@type":"ReadAction","target":["https:\/\/riveravivanco.com\/index.php\/2023\/03\/14\/libres\/"]}]},{"@type":"BreadcrumbList","@id":"https:\/\/riveravivanco.com\/index.php\/2023\/03\/14\/libres\/#breadcrumb","itemListElement":[{"@type":"ListItem","position":1,"name":"Home","item":"https:\/\/riveravivanco.com\/"},{"@type":"ListItem","position":2,"name":"LIBRES"}]},{"@type":"WebSite","@id":"https:\/\/riveravivanco.com\/#website","url":"https:\/\/riveravivanco.com\/","name":"Mujer Transformadora","description":"#Mujer Transformadora es el espacio de las mujeres poblanas y de todos aquellos que compartimos sus causas, sin importar edad, sexo o condici\u00f3n social.","publisher":{"@id":"https:\/\/riveravivanco.com\/#organization"},"alternateName":"Mujer Transformadora","potentialAction":[{"@type":"SearchAction","target":{"@type":"EntryPoint","urlTemplate":"https:\/\/riveravivanco.com\/?s={search_term_string}"},"query-input":"required name=search_term_string"}],"inLanguage":"en-US"},{"@type":"Organization","@id":"https:\/\/riveravivanco.com\/#organization","name":"Mujer Transformadora","alternateName":"Mujer Transformadora","url":"https:\/\/riveravivanco.com\/","logo":{"@type":"ImageObject","inLanguage":"en-US","@id":"https:\/\/riveravivanco.com\/#\/schema\/logo\/image\/","url":"https:\/\/riveravivanco.com\/wp-content\/uploads\/2023\/02\/cropped-MT2.png","contentUrl":"https:\/\/riveravivanco.com\/wp-content\/uploads\/2023\/02\/cropped-MT2.png","width":512,"height":512,"caption":"Mujer Transformadora"},"image":{"@id":"https:\/\/riveravivanco.com\/#\/schema\/logo\/image\/"},"sameAs":["https:\/\/www.facebook.com\/ClauRiveraVivanco","https:\/\/twitter.com\/RiveraVivanco_","https:\/\/www.instagram.com\/riveravivanco_\/","https:\/\/www.tiktok.com\/@riveravivanco","https:\/\/www.youtube.com\/@RiveraVivanco"]},{"@type":"Person","@id":"https:\/\/riveravivanco.com\/#\/schema\/person\/76b54487a0c53b05a9cf9d7d97a57c1a","name":"Franco","image":{"@type":"ImageObject","inLanguage":"en-US","@id":"https:\/\/riveravivanco.com\/#\/schema\/person\/image\/","url":"https:\/\/secure.gravatar.com\/avatar\/e6ee2d030a6430d97a80d605a81453f3?s=96&d=mm&r=g","contentUrl":"https:\/\/secure.gravatar.com\/avatar\/e6ee2d030a6430d97a80d605a81453f3?s=96&d=mm&r=g","caption":"Franco"},"url":"https:\/\/riveravivanco.com\/index.php\/author\/frank\/"}]}},"_links":{"self":[{"href":"https:\/\/riveravivanco.com\/index.php\/wp-json\/wp\/v2\/posts\/1166"}],"collection":[{"href":"https:\/\/riveravivanco.com\/index.php\/wp-json\/wp\/v2\/posts"}],"about":[{"href":"https:\/\/riveravivanco.com\/index.php\/wp-json\/wp\/v2\/types\/post"}],"author":[{"embeddable":true,"href":"https:\/\/riveravivanco.com\/index.php\/wp-json\/wp\/v2\/users\/3"}],"replies":[{"embeddable":true,"href":"https:\/\/riveravivanco.com\/index.php\/wp-json\/wp\/v2\/comments?post=1166"}],"version-history":[{"count":4,"href":"https:\/\/riveravivanco.com\/index.php\/wp-json\/wp\/v2\/posts\/1166\/revisions"}],"predecessor-version":[{"id":1180,"href":"https:\/\/riveravivanco.com\/index.php\/wp-json\/wp\/v2\/posts\/1166\/revisions\/1180"}],"wp:attachment":[{"href":"https:\/\/riveravivanco.com\/index.php\/wp-json\/wp\/v2\/media?parent=1166"}],"wp:term":[{"taxonomy":"category","embeddable":true,"href":"https:\/\/riveravivanco.com\/index.php\/wp-json\/wp\/v2\/categories?post=1166"},{"taxonomy":"post_tag","embeddable":true,"href":"https:\/\/riveravivanco.com\/index.php\/wp-json\/wp\/v2\/tags?post=1166"}],"curies":[{"name":"wp","href":"https:\/\/api.w.org\/{rel}","templated":true}]}}